{"id":20874,"date":"2021-11-30T14:38:24","date_gmt":"2021-11-30T20:38:24","guid":{"rendered":"https:\/\/encuentroinformativo.com.mx\/?p=20874"},"modified":"2021-11-30T14:38:27","modified_gmt":"2021-11-30T20:38:27","slug":"persisten-conflictos-al-interior-de-bancada-panista","status":"publish","type":"post","link":"https:\/\/encuentroinformativo.com.mx\/?p=20874","title":{"rendered":"Persisten conflictos al interior de bancada panista"},"content":{"rendered":"\n<p><strong>Juan Arcos<\/strong> <\/p>\n\n\n\n<p>Xalapa, Ver.- El coordinador de la bancada panista en Veracruz, Oth\u00f3n Hern\u00e1ndez Candanedo, impuso su autoridad sobre el vicecoordinador Bingen Rementer\u00eda Molina.<\/p>\n\n\n\n<p>Esto ocurri\u00f3 durante una conferencia de prensa, realizada en el Palacio Legislativo para fijar una postura sobre la detenci\u00f3n de Tito Delf\u00edn Cano, candidato a la dirigencia estatal del Partido Acci\u00f3n Nacional (PAN).<\/p>\n\n\n\n<p>El l\u00edder de los diputados locales panistas impidi\u00f3 que Bingen Rementer\u00eda hiciera uso del micr\u00f3fono y lo tom\u00f3 del brazo izquierdo para solicitarle que saliera de la sala de juntas \u201cManuel G\u00f3mez Mor\u00edn\u201d, del grupo legislativo del PAN.<\/p>\n\n\n\n<p>\u201cLes quiero pedir un favor, el posicionamiento ya est\u00e1, lo que tengamos que ver lo vamos a ver nosotros all\u00e1 afuera, buen d\u00eda\u201d, expres\u00f3 el Coordinador.<\/p>\n\n\n\n<p>Afuera de la sala, Rementer\u00eda Molina consider\u00f3 que si la carpeta de investigaci\u00f3n contra Tito se inici\u00f3 en el a\u00f1o 2017, tambi\u00e9n el exgobernador Miguel \u00c1ngel Yunes Linares tiene culpa en la detenci\u00f3n.<\/p>\n\n\n\n<p>\u201cLa detenci\u00f3n tiene dos culpables: el gobierno autoritario de Morena y el segundo son los Yunes por haber iniciado investigaciones en contra de compa\u00f1eros del partido. La familia de Tito no debe dejarse utilizar por los Yunes, pues s\u00f3lo quieren sacar raja pol\u00edtica, van a intentar poner de dirigente a la senadora Indira Rosales San Rom\u00e1n y van a hacer del lado a los otros grupos pol\u00edticos y los van a abandonar como abandonaron a Rogelio, Goyo, Nico y Bernardo que son presos pol\u00edticos\u201d, enfatiz\u00f3.<\/p>\n\n\n\n<p>Por su parte, Oth\u00f3n Hern\u00e1ndez Candanedo pidi\u00f3 al Poder Judicial del Estado que garantice el debido proceso y la presunci\u00f3n de inocencia en el caso de Tito.<\/p>\n\n\n\n<p>\u201cMandamos un mensaje a nuestro compa\u00f1ero, quien fue detenido el pasado fin de semana y que se da en un contexto del proceso interno que vivimos los militantes de Acci\u00f3n Nacional, proceso que compete s\u00f3lo a los y las militantes de nuestro partido\u201d, a\u00f1adi\u00f3.<\/p>\n","protected":false},"excerpt":{"rendered":"<p>Juan Arcos Xalapa, Ver.- El coordinador de la bancada panista en Veracruz, Oth\u00f3n Hern\u00e1ndez Candanedo, impuso su autoridad sobre el vicecoordinador Bingen Rementer\u00eda Molina. Esto ocurri\u00f3 durante una conferencia de prensa, realizada en el Palacio Legislativo para fijar una postura sobre la detenci\u00f3n de Tito Delf\u00edn Cano, candidato a la dirigencia estatal del Partido Acci\u00f3n [&hellip;]<\/p>\n","protected":false},"author":1,"featured_media":20875,"comment_status":"open","ping_status":"open","sticky":false,"template":"","format":"standard","meta":{"_jetpack_memberships_contains_paid_content":false,"footnotes":""},"categories":[2],"tags":[],"class_list":["post-20874","post","type-post","status-publish","format-standard","has-post-thumbnail","hentry","category-estado"],"jetpack_featured_media_url":"https:\/\/encuentroinformativo.com.mx\/wp-content\/uploads\/2021\/11\/A2B59506-D82B-4EB9-BC89-604CD99169CF.jpeg","jetpack_sharing_enabled":true,"jetpack_likes_enabled":true,"amp_enabled":true,"_links":{"self":[{"href":"https:\/\/encuentroinformativo.com.mx\/index.php?rest_route=\/wp\/v2\/posts\/20874","targetHints":{"allow":["GET"]}}],"collection":[{"href":"https:\/\/encuentroinformativo.com.mx\/index.php?rest_route=\/wp\/v2\/posts"}],"about":[{"href":"https:\/\/encuentroinformativo.com.mx\/index.php?rest_route=\/wp\/v2\/types\/post"}],"author":[{"embeddable":true,"href":"https:\/\/encuentroinformativo.com.mx\/index.php?rest_route=\/wp\/v2\/users\/1"}],"replies":[{"embeddable":true,"href":"https:\/\/encuentroinformativo.com.mx\/index.php?rest_route=%2Fwp%2Fv2%2Fcomments&post=20874"}],"version-history":[{"count":1,"href":"https:\/\/encuentroinformativo.com.mx\/index.php?rest_route=\/wp\/v2\/posts\/20874\/revisions"}],"predecessor-version":[{"id":20876,"href":"https:\/\/encuentroinformativo.com.mx\/index.php?rest_route=\/wp\/v2\/posts\/20874\/revisions\/20876"}],"wp:featuredmedia":[{"embeddable":true,"href":"https:\/\/encuentroinformativo.com.mx\/index.php?rest_route=\/wp\/v2\/media\/20875"}],"wp:attachment":[{"href":"https:\/\/encuentroinformativo.com.mx\/index.php?rest_route=%2Fwp%2Fv2%2Fmedia&parent=20874"}],"wp:term":[{"taxonomy":"category","embeddable":true,"href":"https:\/\/encuentroinformativo.com.mx\/index.php?rest_route=%2Fwp%2Fv2%2Fcategories&post=20874"},{"taxonomy":"post_tag","embeddable":true,"href":"https:\/\/encuentroinformativo.com.mx\/index.php?rest_route=%2Fwp%2Fv2%2Ftags&post=20874"}],"curies":[{"name":"wp","href":"https:\/\/api.w.org\/{rel}","templated":true}]}}