{"id":20877,"date":"2021-11-30T15:26:01","date_gmt":"2021-11-30T21:26:01","guid":{"rendered":"https:\/\/encuentroinformativo.com.mx\/?p=20877"},"modified":"2021-11-30T15:26:05","modified_gmt":"2021-11-30T21:26:05","slug":"invitan-a-donar-sangre-para-ninos-con-cancer","status":"publish","type":"post","link":"https:\/\/encuentroinformativo.com.mx\/?p=20877","title":{"rendered":"Invitan a donar sangre para ni\u00f1os con c\u00e1ncer"},"content":{"rendered":"\n<p><strong>Alejandro \u00c1vila<\/strong><\/p>\n\n\n\n<p>Veracruz, Ver.- La se\u00f1ora Cora Rodr\u00edguez, vocera de las madres de ni\u00f1os con c\u00e1ncer, anunci\u00f3 que este viernes 3 de diciembre dar\u00e1 inicio el &#8220;Sangreton&#8221;; evento que busca recolectar sangre para los ni\u00f1os del \u00e1rea oncol\u00f3gica de la Torre Pedi\u00e1trica, en el municipio de Veracruz.<\/p>\n\n\n\n<p>Las madres de ni\u00f1os con c\u00e1ncer, reconocieron que existe una imperiosa necesidad de conseguir donadores de sangre; pues algunos ni\u00f1os que padecen est\u00e1 enfermedad necesitan hasta ocho donadores diarios.<\/p>\n\n\n\n<p>Cora Rodr\u00edguez, explic\u00f3 que en ocasiones se les complica conseguir donadores, y esperan que tras el &#8220;Sangreton&#8221;, se fomente la donaci\u00f3n altruista.<\/p>\n\n\n\n<p>Destac\u00f3 que los tipos de sangre m\u00e1s complicados de encontrar son 0+ y B+, por lo que invit\u00f3 a todas las personas de todo tipo de sangre a donar y con ello salvar vidas.<\/p>\n\n\n\n<p>Cora Rodriguez, reconoci\u00f3 que han habido casos de que los padres de familia han sido v\u00edctimas de la venta de sangre, ya que la necesidad los ha orillado a pagar hasta 500 pesos por donador.<\/p>\n","protected":false},"excerpt":{"rendered":"<p>Alejandro \u00c1vila Veracruz, Ver.- La se\u00f1ora Cora Rodr\u00edguez, vocera de las madres de ni\u00f1os con c\u00e1ncer, anunci\u00f3 que este viernes 3 de diciembre dar\u00e1 inicio el &#8220;Sangreton&#8221;; evento que busca recolectar sangre para los ni\u00f1os del \u00e1rea oncol\u00f3gica de la Torre Pedi\u00e1trica, en el municipio de Veracruz. Las madres de ni\u00f1os con c\u00e1ncer, reconocieron que [&hellip;]<\/p>\n","protected":false},"author":1,"featured_media":20878,"comment_status":"open","ping_status":"open","sticky":false,"template":"","format":"standard","meta":{"_jetpack_memberships_contains_paid_content":false,"footnotes":""},"categories":[9],"tags":[],"class_list":["post-20877","post","type-post","status-publish","format-standard","has-post-thumbnail","hentry","category-salud"],"jetpack_featured_media_url":"https:\/\/encuentroinformativo.com.mx\/wp-content\/uploads\/2021\/11\/E3DD9BF0-3E4C-40AB-8B17-69843A046FC2.jpeg","jetpack_sharing_enabled":true,"jetpack_likes_enabled":true,"amp_enabled":true,"_links":{"self":[{"href":"https:\/\/encuentroinformativo.com.mx\/index.php?rest_route=\/wp\/v2\/posts\/20877","targetHints":{"allow":["GET"]}}],"collection":[{"href":"https:\/\/encuentroinformativo.com.mx\/index.php?rest_route=\/wp\/v2\/posts"}],"about":[{"href":"https:\/\/encuentroinformativo.com.mx\/index.php?rest_route=\/wp\/v2\/types\/post"}],"author":[{"embeddable":true,"href":"https:\/\/encuentroinformativo.com.mx\/index.php?rest_route=\/wp\/v2\/users\/1"}],"replies":[{"embeddable":true,"href":"https:\/\/encuentroinformativo.com.mx\/index.php?rest_route=%2Fwp%2Fv2%2Fcomments&post=20877"}],"version-history":[{"count":1,"href":"https:\/\/encuentroinformativo.com.mx\/index.php?rest_route=\/wp\/v2\/posts\/20877\/revisions"}],"predecessor-version":[{"id":20879,"href":"https:\/\/encuentroinformativo.com.mx\/index.php?rest_route=\/wp\/v2\/posts\/20877\/revisions\/20879"}],"wp:featuredmedia":[{"embeddable":true,"href":"https:\/\/encuentroinformativo.com.mx\/index.php?rest_route=\/wp\/v2\/media\/20878"}],"wp:attachment":[{"href":"https:\/\/encuentroinformativo.com.mx\/index.php?rest_route=%2Fwp%2Fv2%2Fmedia&parent=20877"}],"wp:term":[{"taxonomy":"category","embeddable":true,"href":"https:\/\/encuentroinformativo.com.mx\/index.php?rest_route=%2Fwp%2Fv2%2Fcategories&post=20877"},{"taxonomy":"post_tag","embeddable":true,"href":"https:\/\/encuentroinformativo.com.mx\/index.php?rest_route=%2Fwp%2Fv2%2Ftags&post=20877"}],"curies":[{"name":"wp","href":"https:\/\/api.w.org\/{rel}","templated":true}]}}