{"id":20883,"date":"2021-12-01T09:18:00","date_gmt":"2021-12-01T15:18:00","guid":{"rendered":"https:\/\/encuentroinformativo.com.mx\/?p=20883"},"modified":"2021-12-01T09:18:04","modified_gmt":"2021-12-01T15:18:04","slug":"othon-no-se-equivoco","status":"publish","type":"post","link":"https:\/\/encuentroinformativo.com.mx\/?p=20883","title":{"rendered":"Oth\u00f3n no se equivoc\u00f3&#8230;"},"content":{"rendered":"\n<p><strong>Los Pol\u00edticos<\/strong><br><br><strong>Salvador Mu\u00f1oz<\/strong><\/p>\n\n\n\n<p>El mensaje de Oth\u00f3n Hern\u00e1ndez Candanedo como Coordinador de bancada del PAN era de solidaridad para con Tito Delf\u00edn y a la vez, un llamado a la unidad en el partido para que se dejen a un lado las diferencias y se pueda construir un partido firme para poder representar a los ciudadanos que siguen viendo al PAN como una opci\u00f3n pol\u00edtica en el Estado. \u201cEn el PAN, somos un solo equipo, y como equipo caminamos juntos para librar las diferencias y unir esfuerzos\u2026\u201d<\/p>\n\n\n\n<p>Cuando Oth\u00f3n Candanedo evita que hable Bingen Rementer\u00eda Molina, vicecoordinador de la fracci\u00f3n azul, retir\u00e1ndole el micr\u00f3fono y literalmente sacarlo de la sala de juntas Manuel G\u00f3mez Mor\u00edn del Grupo Legislativo del PAN, pudo verse como un villano, quiz\u00e1s hasta majadero con uno de sus iguales, pero hasta cierto punto, el misanteco sab\u00eda lo que se avecinaba de la boca del porte\u00f1o: un mensaje contrario al que acababa de dar.<\/p>\n\n\n\n<p>\u00a1Y as\u00ed fue!<\/p>\n\n\n\n<p>Cuando minutos antes Oth\u00f3n ondeaba la bandera de paz en se\u00f1al de tregua, Bingen en entrevista fuera del G\u00f3mez Mor\u00edn, desenterraba el hacha de guerra se\u00f1alando a la familia Yunes de haber perdido \u201cel control, la cordura y el sano juicio\u201d y en \u201cun aire de humildad\u201d, considera que esto sucedi\u00f3 a partir de que se nombr\u00f3 al coordinador de Senadores del PAN, es decir: a su pap\u00e1 Julen Rementer\u00eda.<\/p>\n\n\n\n<p>En pocas palabras, llev\u00f3 a Tito a un pleito entre los Yunes y los Rementer\u00eda, al grado de soltar un chistorete: \u201cNo me extra\u00f1ar\u00eda que si los deja su mujer, sean capaces de convocar a rueda de prensa y digan que es culpa del Senador\u201d.<\/p>\n\n\n\n<p>Dijera el Divo de Ju\u00e1rez: \u00a1Pero qu\u00e9 necesidad!<\/p>\n\n\n\n<p>Y s\u00ed, qu\u00e9 necesidad de enviar \u201cmensajes encontrados\u201d&#8230; tan f\u00e1cil que era haberse callado, guardar mesura, prudencia porque m\u00e1s que buscar la unidad, Bingen expuso sus fobias, propias en un partido que se presume democr\u00e1tico y que por ende, hay diferencias de criterios, pero no es el momento de sacarlas a flote, cuando la prioridad es una en este momento, como bien me lo dijo el diputado Miguel Hermida: Tito.<\/p>\n\n\n\n<p>Tito debe ser factor de unidad no el pretexto para ahondar la divisi\u00f3n en lo que parece ya guerra de dos bandos.<\/p>\n\n\n\n<p>A Hermida le queda claro que si en este momento no hay un cierre de filas (que no filias), se le pinta al panista en general un escenario devastador en el momento en que suceda otro evento como el que vive Tito\u2026 hoy fue Tito, ma\u00f1ana puede ser cualquiera, pero la postura de las partes advierte que el sujeto en desgracia pol\u00edtica s\u00f3lo ser\u00e1 un juguete, un mu\u00f1eco que ser\u00e1 jalado de un lado a otro s\u00f3lo para sacar a flote las diferencias de uno contra otro\u2026<\/p>\n\n\n\n<p>Lo mejor que puede hacer el PAN en esta crisis que vive, es ocuparla para reorganizarse, reconformarse y en un momento dado, reencontrarse consigo mismo\u2026 en aras de que la sociedad, el ciudadano, a\u00fan pueda verlo como una opci\u00f3n electoral\u2026<\/p>\n\n\n\n<p>Oth\u00f3n no se equivoc\u00f3 al quitarle el micr\u00f3fono a Bingen\u2026 aunque al final, todo acab\u00f3 en un \u201cNo pasa nada, chingao!\u201d, al menos, el misanteco y el porte\u00f1o, a trav\u00e9s de un video, demostraron que entre ellos, no hay \u201cpurrum\u201d\u2026 tan cuates como siempre&#8230;<\/p>\n\n\n\n<p>\u00a1<strong>Tuxpe\u00f1os, de fiesta!<\/strong><\/p>\n\n\n\n<p>En Tuxpan, andan esponjados despu\u00e9s de que Bola 8 presentara al nuevo Coordinador de Asesores de la Secretar\u00eda de Gobierno: Marco Antonio Medina P\u00e9rez.<\/p>\n\n\n\n<p>Uno de los pocos diputados federales veracruzanos que estuvo activo en la pasada Legislatura como en su distrito y en un momento dado, de los pocos que vale la pena rescatar en espera de que su labor en la esquina de Palacio de Gobierno, le abra las puertas que Bola 8 se ha cerrado.<\/p>\n\n\n\n<p><a href=\"mailto:smcainito@gmail.com\" target=\"_blank\" rel=\"noreferrer noopener\">smcainito@gmail.com<\/a><\/p>\n","protected":false},"excerpt":{"rendered":"<p>Los Pol\u00edticos Salvador Mu\u00f1oz El mensaje de Oth\u00f3n Hern\u00e1ndez Candanedo como Coordinador de bancada del PAN era de solidaridad para con Tito Delf\u00edn y a la vez, un llamado a la unidad en el partido para que se dejen a un lado las diferencias y se pueda construir un partido firme para poder representar a [&hellip;]<\/p>\n","protected":false},"author":1,"featured_media":387,"comment_status":"open","ping_status":"open","sticky":false,"template":"","format":"standard","meta":{"_jetpack_memberships_contains_paid_content":false,"footnotes":""},"categories":[11],"tags":[],"class_list":["post-20883","post","type-post","status-publish","format-standard","has-post-thumbnail","hentry","category-opinion"],"jetpack_featured_media_url":"https:\/\/encuentroinformativo.com.mx\/wp-content\/uploads\/2020\/03\/7CF8A22B-2764-47BE-8F7F-38FE9E5D6A2F.jpeg","jetpack_sharing_enabled":true,"jetpack_likes_enabled":true,"amp_enabled":true,"_links":{"self":[{"href":"https:\/\/encuentroinformativo.com.mx\/index.php?rest_route=\/wp\/v2\/posts\/20883","targetHints":{"allow":["GET"]}}],"collection":[{"href":"https:\/\/encuentroinformativo.com.mx\/index.php?rest_route=\/wp\/v2\/posts"}],"about":[{"href":"https:\/\/encuentroinformativo.com.mx\/index.php?rest_route=\/wp\/v2\/types\/post"}],"author":[{"embeddable":true,"href":"https:\/\/encuentroinformativo.com.mx\/index.php?rest_route=\/wp\/v2\/users\/1"}],"replies":[{"embeddable":true,"href":"https:\/\/encuentroinformativo.com.mx\/index.php?rest_route=%2Fwp%2Fv2%2Fcomments&post=20883"}],"version-history":[{"count":1,"href":"https:\/\/encuentroinformativo.com.mx\/index.php?rest_route=\/wp\/v2\/posts\/20883\/revisions"}],"predecessor-version":[{"id":20884,"href":"https:\/\/encuentroinformativo.com.mx\/index.php?rest_route=\/wp\/v2\/posts\/20883\/revisions\/20884"}],"wp:featuredmedia":[{"embeddable":true,"href":"https:\/\/encuentroinformativo.com.mx\/index.php?rest_route=\/wp\/v2\/media\/387"}],"wp:attachment":[{"href":"https:\/\/encuentroinformativo.com.mx\/index.php?rest_route=%2Fwp%2Fv2%2Fmedia&parent=20883"}],"wp:term":[{"taxonomy":"category","embeddable":true,"href":"https:\/\/encuentroinformativo.com.mx\/index.php?rest_route=%2Fwp%2Fv2%2Fcategories&post=20883"},{"taxonomy":"post_tag","embeddable":true,"href":"https:\/\/encuentroinformativo.com.mx\/index.php?rest_route=%2Fwp%2Fv2%2Ftags&post=20883"}],"curies":[{"name":"wp","href":"https:\/\/api.w.org\/{rel}","templated":true}]}}