{"id":20888,"date":"2021-12-01T11:17:31","date_gmt":"2021-12-01T17:17:31","guid":{"rendered":"https:\/\/encuentroinformativo.com.mx\/?p=20888"},"modified":"2021-12-01T11:17:34","modified_gmt":"2021-12-01T17:17:34","slug":"carnaval-2022-sera-sobre-culturas-prehispanicas","status":"publish","type":"post","link":"https:\/\/encuentroinformativo.com.mx\/?p=20888","title":{"rendered":"Carnaval 2022 ser\u00e1 sobre culturas prehisp\u00e1nicas"},"content":{"rendered":"\n<p><strong>Alejandro \u00c1vila<\/strong><\/p>\n\n\n\n<p>Veracruz, Ver.- El presidente del Comit\u00e9 de Carnaval, Luis Antonio P\u00e9rez Fraga, inform\u00f3 que el tema del Carnaval 2022 ser\u00e1 de las culturas prehisp\u00e1nicas, donde el carro aleg\u00f3rico de la Corte Real representar\u00e1 la ciudad de Tenochtitlan.<\/p>\n\n\n\n<p>P\u00e9rez Fraga explic\u00f3 que, uno de los planes con la alcaldesa electa, Patricia Lobeira Rodr\u00edguez, es rescatar la esencia de los carnavales de anta\u00f1o, es por eso que las comparsas y los carros aleg\u00f3ricos ser\u00e1n caracterizados con las culturas olmeca, zapoteca, maya, entre otras.<\/p>\n\n\n\n<p>En la coronaci\u00f3n de quien ser\u00e1 la Reina electa se le colocar\u00e1 un vestido haciendo referencia a la cultura azteca, mientras que el Rey electo portar\u00e1 un atuendo similar al de Moctezuma.<\/p>\n\n\n\n<p>\u201cLa reina del Carnaval va a ser Tenochtitlan con un vestuario padr\u00edsimo azteca, el rey de carnaval va a ser de Moctezuma, la cultura olmeca, tolteca, zapoteca, maya, los voladores de Papantla, va a ser un carnaval muy padre y los comparseros van a ir vestidos a los atuendos atr\u00e1s de los carros aleg\u00f3ricos de acuerdo con el carro aleg\u00f3rico con muchos penachos, plumas de pavorreal, va a ser un carnaval majestuoso. Paty quiere rescatar la esencia del carnaval, de los carnavales de anta\u00f1o y eso en lo que estamos trabajando\u201d, explic\u00f3.<\/p>\n\n\n\n<p>Para los desfiles se contar\u00e1 con 20 carros aleg\u00f3ricos, los cuales se est\u00e1n planeando para que en los siguientes meses sean armados, mientras que en las comparas tratar\u00e1 de utilizar plumas y penachos como atractivo principal.<\/p>\n\n\n\n<p>Por el momento el presidente del Comit\u00e9 organizador se encuentra en reuniones con los representantes de comparsas acordando el monto de recursos con el que ser\u00e1n apoyados.<\/p>\n\n\n\n<p>\u201cAhorita estamos en reuniones con artesanos, estamos haciendo el dise\u00f1o del nuevo carnaval, vamos a tener carros aleg\u00f3ricos majestuosos como los quiere la licenciada Paty Lobeira, se va a invertir mas dinero a las comparsas y a los carros aleg\u00f3ricos, esa es la idea\u201d, dijo.<\/p>\n\n\n\n<p>Por \u00faltimo, indic\u00f3 que se encuentran en pl\u00e1ticas con comparsas representantes de otros pa\u00edses para que participen en esta edici\u00f3n, por el momento han confirmado Brasil e Italia.<\/p>\n","protected":false},"excerpt":{"rendered":"<p>Alejandro \u00c1vila Veracruz, Ver.- El presidente del Comit\u00e9 de Carnaval, Luis Antonio P\u00e9rez Fraga, inform\u00f3 que el tema del Carnaval 2022 ser\u00e1 de las culturas prehisp\u00e1nicas, donde el carro aleg\u00f3rico de la Corte Real representar\u00e1 la ciudad de Tenochtitlan. P\u00e9rez Fraga explic\u00f3 que, uno de los planes con la alcaldesa electa, Patricia Lobeira Rodr\u00edguez, es [&hellip;]<\/p>\n","protected":false},"author":1,"featured_media":20889,"comment_status":"open","ping_status":"open","sticky":false,"template":"","format":"standard","meta":{"_jetpack_memberships_contains_paid_content":false,"footnotes":""},"categories":[2],"tags":[],"class_list":["post-20888","post","type-post","status-publish","format-standard","has-post-thumbnail","hentry","category-estado"],"jetpack_featured_media_url":"https:\/\/encuentroinformativo.com.mx\/wp-content\/uploads\/2021\/12\/7C9AD750-6A22-47DD-AC12-D00588AE43BE.jpeg","jetpack_sharing_enabled":true,"jetpack_likes_enabled":true,"amp_enabled":true,"_links":{"self":[{"href":"https:\/\/encuentroinformativo.com.mx\/index.php?rest_route=\/wp\/v2\/posts\/20888","targetHints":{"allow":["GET"]}}],"collection":[{"href":"https:\/\/encuentroinformativo.com.mx\/index.php?rest_route=\/wp\/v2\/posts"}],"about":[{"href":"https:\/\/encuentroinformativo.com.mx\/index.php?rest_route=\/wp\/v2\/types\/post"}],"author":[{"embeddable":true,"href":"https:\/\/encuentroinformativo.com.mx\/index.php?rest_route=\/wp\/v2\/users\/1"}],"replies":[{"embeddable":true,"href":"https:\/\/encuentroinformativo.com.mx\/index.php?rest_route=%2Fwp%2Fv2%2Fcomments&post=20888"}],"version-history":[{"count":1,"href":"https:\/\/encuentroinformativo.com.mx\/index.php?rest_route=\/wp\/v2\/posts\/20888\/revisions"}],"predecessor-version":[{"id":20890,"href":"https:\/\/encuentroinformativo.com.mx\/index.php?rest_route=\/wp\/v2\/posts\/20888\/revisions\/20890"}],"wp:featuredmedia":[{"embeddable":true,"href":"https:\/\/encuentroinformativo.com.mx\/index.php?rest_route=\/wp\/v2\/media\/20889"}],"wp:attachment":[{"href":"https:\/\/encuentroinformativo.com.mx\/index.php?rest_route=%2Fwp%2Fv2%2Fmedia&parent=20888"}],"wp:term":[{"taxonomy":"category","embeddable":true,"href":"https:\/\/encuentroinformativo.com.mx\/index.php?rest_route=%2Fwp%2Fv2%2Fcategories&post=20888"},{"taxonomy":"post_tag","embeddable":true,"href":"https:\/\/encuentroinformativo.com.mx\/index.php?rest_route=%2Fwp%2Fv2%2Ftags&post=20888"}],"curies":[{"name":"wp","href":"https:\/\/api.w.org\/{rel}","templated":true}]}}