{"id":2090,"date":"2020-04-24T13:10:18","date_gmt":"2020-04-24T18:10:18","guid":{"rendered":"https:\/\/encuentroinformativo.com\/?p=2090"},"modified":"2020-04-24T13:10:21","modified_gmt":"2020-04-24T18:10:21","slug":"deportistas-paralimpicos-reclaman-pago-de-becas","status":"publish","type":"post","link":"https:\/\/encuentroinformativo.com.mx\/?p=2090","title":{"rendered":"Deportistas paral\u00edmpicos reclaman pago de becas"},"content":{"rendered":"\n<p><strong>Juan Arcos <\/strong><\/p>\n\n\n\n<p>Xalapa, Ver.- Un deportista paral\u00edmpico protest\u00f3 frente a Palacio de Gobierno para exigir el pago de becas por parte del Instituto Veracruzano del Deporte (IVD).<\/p>\n\n\n\n<p>Se trata de Arturo Ch\u00e1vez \u00c1lvarez, mejor conocido como \u201cEl grillo\u201d, quien practica lanzamiento de bala y jabalina.<\/p>\n\n\n\n<p>El quejoso indic\u00f3 que diez atletas con discapacidad, de talla nacional e internacional, se est\u00e1n viendo afectados en la capital del estado.<\/p>\n\n\n\n<p>Les adeudan su beca correspondiente a los meses enero y febrero; solo les pagaron en marzo.<\/p>\n\n\n\n<p>Adem\u00e1s, mencion\u00f3 que ha disminuido el apoyo econ\u00f3mico por parte del gobierno estatal.<\/p>\n\n\n\n<p>Anteriormente, les pagaban 4 mil pesos, luego 2 mil pesos y ahora les dijeron que podr\u00edan desaparecer las becas deportivas.<\/p>\n\n\n\n<p>\u201cNos deben de meses atrasados y este a\u00f1o se firm\u00f3 el convenio para que puedan darnos nuestra beca pero nos niegan el pago y nos dicen que no nos van a pagar o que las becas van a ser mucho m\u00e1s peque\u00f1as\u201d.<\/p>\n\n\n\n<p>Ch\u00e1vez \u00c1lvarez indic\u00f3 que los atletas destacan en diversas disciplinas como levantamiento de pesas, nataci\u00f3n, lanzamiento de bala y jabalina, b\u00e1squetbol y otras.<\/p>\n\n\n\n<p>Finalmente, mencion\u00f3 que los deportistas convencionales se encuentran en la misma situaci\u00f3n.<\/p>\n","protected":false},"excerpt":{"rendered":"<p>Juan Arcos Xalapa, Ver.- Un deportista paral\u00edmpico protest\u00f3 frente a Palacio de Gobierno para exigir el pago de becas por parte del Instituto Veracruzano del Deporte (IVD). Se trata de Arturo Ch\u00e1vez \u00c1lvarez, mejor conocido como \u201cEl grillo\u201d, quien practica lanzamiento de bala y jabalina. El quejoso indic\u00f3 que diez atletas con discapacidad, de talla [&hellip;]<\/p>\n","protected":false},"author":1,"featured_media":2091,"comment_status":"open","ping_status":"open","sticky":false,"template":"","format":"standard","meta":{"_jetpack_memberships_contains_paid_content":false,"footnotes":""},"categories":[2],"tags":[],"class_list":["post-2090","post","type-post","status-publish","format-standard","has-post-thumbnail","hentry","category-estado"],"jetpack_featured_media_url":"https:\/\/encuentroinformativo.com.mx\/wp-content\/uploads\/2020\/04\/21163D1D-C2AF-4638-A3BF-BD66D2FCAC6C.jpeg","jetpack_sharing_enabled":true,"jetpack_likes_enabled":true,"amp_enabled":true,"_links":{"self":[{"href":"https:\/\/encuentroinformativo.com.mx\/index.php?rest_route=\/wp\/v2\/posts\/2090","targetHints":{"allow":["GET"]}}],"collection":[{"href":"https:\/\/encuentroinformativo.com.mx\/index.php?rest_route=\/wp\/v2\/posts"}],"about":[{"href":"https:\/\/encuentroinformativo.com.mx\/index.php?rest_route=\/wp\/v2\/types\/post"}],"author":[{"embeddable":true,"href":"https:\/\/encuentroinformativo.com.mx\/index.php?rest_route=\/wp\/v2\/users\/1"}],"replies":[{"embeddable":true,"href":"https:\/\/encuentroinformativo.com.mx\/index.php?rest_route=%2Fwp%2Fv2%2Fcomments&post=2090"}],"version-history":[{"count":1,"href":"https:\/\/encuentroinformativo.com.mx\/index.php?rest_route=\/wp\/v2\/posts\/2090\/revisions"}],"predecessor-version":[{"id":2092,"href":"https:\/\/encuentroinformativo.com.mx\/index.php?rest_route=\/wp\/v2\/posts\/2090\/revisions\/2092"}],"wp:featuredmedia":[{"embeddable":true,"href":"https:\/\/encuentroinformativo.com.mx\/index.php?rest_route=\/wp\/v2\/media\/2091"}],"wp:attachment":[{"href":"https:\/\/encuentroinformativo.com.mx\/index.php?rest_route=%2Fwp%2Fv2%2Fmedia&parent=2090"}],"wp:term":[{"taxonomy":"category","embeddable":true,"href":"https:\/\/encuentroinformativo.com.mx\/index.php?rest_route=%2Fwp%2Fv2%2Fcategories&post=2090"},{"taxonomy":"post_tag","embeddable":true,"href":"https:\/\/encuentroinformativo.com.mx\/index.php?rest_route=%2Fwp%2Fv2%2Ftags&post=2090"}],"curies":[{"name":"wp","href":"https:\/\/api.w.org\/{rel}","templated":true}]}}