{"id":20905,"date":"2021-12-01T17:06:55","date_gmt":"2021-12-01T23:06:55","guid":{"rendered":"https:\/\/encuentroinformativo.com.mx\/?p=20905"},"modified":"2021-12-01T17:06:59","modified_gmt":"2021-12-01T23:06:59","slug":"escuelas-siguen-esperando-kits-de-limpieza","status":"publish","type":"post","link":"https:\/\/encuentroinformativo.com.mx\/?p=20905","title":{"rendered":"Escuelas siguen esperando kits de limpieza"},"content":{"rendered":"\n<p><strong>Juan Arcos<\/strong><\/p>\n\n\n\n<p>Xalapa, Ver.- Algunas escuelas del estado de Veracruz a\u00fan no reciben sus kits de limpieza para aplicar las medidas sanitarias contra el SARS-COV-2 (COVID-19).<\/p>\n\n\n\n<p>Tal es el caso de la escuela primaria \u201cBenito Ju\u00e1rez\u201d, ubicada en el municipio de Banderilla, muy cerca de la ciudad de Xalapa.<\/p>\n\n\n\n<p>Dicho plantel tuvo que esperar hasta dos meses para iniciar con las clases presenciales, debido a que no contaban con los insumos.<\/p>\n\n\n\n<p>Docentes del plantel indican que es necesario cuidar la integridad de la comunidad escolar, por lo que la entrega de esos insumos de limpieza son indispensables para todas las instituciones.<\/p>\n\n\n\n<p>\u201cDa tristeza que solo por la pandemia podemos recibir este material cuando tendr\u00eda que ser permanente. Ojal\u00e1 que tambi\u00e9n no sea la \u00fanica vez que se entregue este material\u201d, comentaron.<\/p>\n\n\n\n<p>Los profesores pidieron la entrega de insumos de manera trimestral en los planteles.<\/p>\n\n\n\n<p>&#8220;Es un material que constantemente se utiliza, se termina y nosotros lo necesitamos mucho. Tenemos muchos alumnos y no alcanza\u201d, a\u00f1adieron.<\/p>\n\n\n\n<p>Cabe mencionar que tambi\u00e9n algunas escuelas de la zona norte del estado, que se vieron afectadas con el hurac\u00e1n \u201cGrace\u201d, se quedaron sin insumos para reactivar las clases presenciales.<\/p>\n","protected":false},"excerpt":{"rendered":"<p>Juan Arcos Xalapa, Ver.- Algunas escuelas del estado de Veracruz a\u00fan no reciben sus kits de limpieza para aplicar las medidas sanitarias contra el SARS-COV-2 (COVID-19). Tal es el caso de la escuela primaria \u201cBenito Ju\u00e1rez\u201d, ubicada en el municipio de Banderilla, muy cerca de la ciudad de Xalapa. Dicho plantel tuvo que esperar hasta [&hellip;]<\/p>\n","protected":false},"author":1,"featured_media":20906,"comment_status":"open","ping_status":"open","sticky":false,"template":"","format":"standard","meta":{"_jetpack_memberships_contains_paid_content":false,"footnotes":""},"categories":[2],"tags":[],"class_list":["post-20905","post","type-post","status-publish","format-standard","has-post-thumbnail","hentry","category-estado"],"jetpack_featured_media_url":"https:\/\/encuentroinformativo.com.mx\/wp-content\/uploads\/2021\/12\/8034037D-C93B-4424-9160-9C9C97053180.jpeg","jetpack_sharing_enabled":true,"jetpack_likes_enabled":true,"amp_enabled":true,"_links":{"self":[{"href":"https:\/\/encuentroinformativo.com.mx\/index.php?rest_route=\/wp\/v2\/posts\/20905","targetHints":{"allow":["GET"]}}],"collection":[{"href":"https:\/\/encuentroinformativo.com.mx\/index.php?rest_route=\/wp\/v2\/posts"}],"about":[{"href":"https:\/\/encuentroinformativo.com.mx\/index.php?rest_route=\/wp\/v2\/types\/post"}],"author":[{"embeddable":true,"href":"https:\/\/encuentroinformativo.com.mx\/index.php?rest_route=\/wp\/v2\/users\/1"}],"replies":[{"embeddable":true,"href":"https:\/\/encuentroinformativo.com.mx\/index.php?rest_route=%2Fwp%2Fv2%2Fcomments&post=20905"}],"version-history":[{"count":1,"href":"https:\/\/encuentroinformativo.com.mx\/index.php?rest_route=\/wp\/v2\/posts\/20905\/revisions"}],"predecessor-version":[{"id":20907,"href":"https:\/\/encuentroinformativo.com.mx\/index.php?rest_route=\/wp\/v2\/posts\/20905\/revisions\/20907"}],"wp:featuredmedia":[{"embeddable":true,"href":"https:\/\/encuentroinformativo.com.mx\/index.php?rest_route=\/wp\/v2\/media\/20906"}],"wp:attachment":[{"href":"https:\/\/encuentroinformativo.com.mx\/index.php?rest_route=%2Fwp%2Fv2%2Fmedia&parent=20905"}],"wp:term":[{"taxonomy":"category","embeddable":true,"href":"https:\/\/encuentroinformativo.com.mx\/index.php?rest_route=%2Fwp%2Fv2%2Fcategories&post=20905"},{"taxonomy":"post_tag","embeddable":true,"href":"https:\/\/encuentroinformativo.com.mx\/index.php?rest_route=%2Fwp%2Fv2%2Ftags&post=20905"}],"curies":[{"name":"wp","href":"https:\/\/api.w.org\/{rel}","templated":true}]}}