{"id":20908,"date":"2021-12-02T09:15:00","date_gmt":"2021-12-02T15:15:00","guid":{"rendered":"https:\/\/encuentroinformativo.com.mx\/?p=20908"},"modified":"2021-12-02T09:15:05","modified_gmt":"2021-12-02T15:15:05","slug":"el-tamano-de-las-bancadas","status":"publish","type":"post","link":"https:\/\/encuentroinformativo.com.mx\/?p=20908","title":{"rendered":"El tama\u00f1o de las bancadas"},"content":{"rendered":"\n<p><strong>Los Pol\u00edticos<\/strong><\/p>\n\n\n\n<p><strong>Salvador Mu\u00f1oz<\/strong><\/p>\n\n\n\n<p>A una semana de que concluyan las comparecencias, no dejan de ser vistas \u00e9stas como el term\u00f3metro pol\u00edtico perfecto para conocer el alcance de nuestros diputados o bien, de las bancadas legislativas.<\/p>\n\n\n\n<p>En el caso de los comparecientes, \u00e9stos se miden desde otro \u00e1ngulo, porque al final, cada uno de los titulares de despacho va a llegar con cuentas alegres, con n\u00fameros perfectos, con obras al por mayor que despu\u00e9s de escucharlos, uno nom\u00e1s se pregunta el porqu\u00e9 con tanto optimismo y positivismo en las comparecencias, no somos una entidad de primer mundo\u2026 y aunque no lo crea, esa respuesta la tiene cada secretario que se ha enfrentado al juicio severo, tajante y seco de la oposici\u00f3n: \u201cla corrupci\u00f3n de los gobiernos anteriores\u2026\u201d<\/p>\n\n\n\n<p>Y aunque se diga que las comparecencias no sirven m\u00e1s que para el adorno del funcionario, insisto, hay que verlas como la oportunidad perfecta para conocer el talante de los diputados de esta nueva Legislatura.<\/p>\n\n\n\n<p>Disculpen que no sea severo con los diputados de Morena incluidos aliados del PT y Verde as\u00ed como Fuerza por M\u00e9xico, pero ellos est\u00e1n en su papel o m\u00e1s bien en el poder, y si hay un intento de cuestionamiento, \u00e9ste es s\u00f3lo para que su compa\u00f1ero de partido la meta en las redes sin portero.<\/p>\n\n\n\n<p>En el caso del PAN son pocos los diputados que destacan, siendo los porte\u00f1os los que m\u00e1s han mostrado el colmillo o la experiencia, como Bingen Rementer\u00eda, en su tercera Legislatura; o la grata sorpresa de Miguel Hermida, incisivo, punzante, jod\u00f3n por as\u00ed decirlo\u2026<\/p>\n\n\n\n<p>Ruth Callejas es otra diputada que igual alza la mano para hacer un papel decoroso en estas comparecencias\u2026<\/p>\n\n\n\n<p>Aunque sin lugar a dudas, si hay una bancada que est\u00e9 haciendo un papel de Bancada en estas comparecencias, es sin duda la del PRI, que ha venido a darle una bocanada de aire puro a la cr\u00edtica del trabajo del Gobierno estatal pero fundamentada, con argumentos y a\u00fan m\u00e1s, con documento en mano que ha hecho que los cuestionamientos a los comparecientes queden en su mayor parte en la promesa de mandar la respuesta en el tiempo establecido y tambi\u00e9n, hasta recibir los pelos de la burra para que piquen, liquen y califiquen, o dijera el Cuic: Que se investigue\u2026<\/p>\n\n\n\n<p>Siendo una bancada en su m\u00ednima expresi\u00f3n (conformada por Arianna Angeles Aguirre, Anil\u00fa Ingram Vallines y Marlon Ram\u00edrez) es la que ha tenido m\u00e1xima expresi\u00f3n por venir a darle sabor al caldo a las comparecencias.<\/p>\n\n\n\n<p>Por un lado, podr\u00edamos hablar de que la fracci\u00f3n del PRI ha hecho un arduo trabajo de investigaci\u00f3n, estudio, an\u00e1lisis de la labor de los comparecientes.<\/p>\n\n\n\n<p>Por otro lado, y quiz\u00e1s el m\u00e1s relevante, ciudadanos y empleados del Gobierno se han acercado a la bancada para externarles quejas, observaciones y condiciones en las que se desarrolla la funci\u00f3n p\u00fablica\u2026 hay confianza, pues&#8230;<\/p>\n\n\n\n<p>De cierto modo, se podr\u00eda estar hablando que tres diputados del PRI est\u00e1n abriendo puertas no s\u00f3lo para que sean el canal que se\u00f1ale el mal actuar de este Gobierno, sino tambi\u00e9n lo ha de ser para que la voz del ciudadano o la sociedad organizada se vea reflejada en iniciativas, como la m\u00e1s reciente que expuso Anil\u00fa Ingram Vallines, que propone reformar la Ley para la Prevenci\u00f3n y Atenci\u00f3n del C\u00e1ncer de Mama, a fin de que los trabajadores de los tres poderes y de los 212 ayuntamientos, dispongan de un d\u00eda al a\u00f1o para realizarse un examen de prevenci\u00f3n del c\u00e1ncer.<\/p>\n\n\n\n<p>Esta iniciativa que llev\u00f3 Anil\u00fa a Tribuna,&nbsp; es impulsada por 65 organizaciones y asociaciones civiles de Veracruz que desde hace a\u00f1os, trabajan en la prevenci\u00f3n, atenci\u00f3n y diagn\u00f3stico del c\u00e1ncer.<\/p>\n\n\n\n<p>As\u00ed, con toques de precisi\u00f3n, pero siempre dentro del marco del respeto al compareciente, la bancada del PRI ha marcado una pauta: no se necesita una mayor\u00eda aplastante para hacerse o\u00edr\u2026<\/p>\n\n\n\n<p>Falta una semana opara que concluyan las comparecencias&nbsp; y los ciudadanos tendremos oportunidad de eso, de seguir escuchando esa cr\u00edtica que no pretende joder, sino desfacer agravios y enderezar entuertos de un Gobierno al que las loas de sus propios correligionarios lejos de ayudar, lo pueden hundir&#8230;<\/p>\n\n\n\n<p><a href=\"mailto:smcainito@gmail.com\" target=\"_blank\" rel=\"noreferrer noopener\">smcainito@gmail.com<\/a><\/p>\n","protected":false},"excerpt":{"rendered":"<p>Los Pol\u00edticos Salvador Mu\u00f1oz A una semana de que concluyan las comparecencias, no dejan de ser vistas \u00e9stas como el term\u00f3metro pol\u00edtico perfecto para conocer el alcance de nuestros diputados o bien, de las bancadas legislativas. En el caso de los comparecientes, \u00e9stos se miden desde otro \u00e1ngulo, porque al final, cada uno de los [&hellip;]<\/p>\n","protected":false},"author":1,"featured_media":387,"comment_status":"open","ping_status":"open","sticky":false,"template":"","format":"standard","meta":{"_jetpack_memberships_contains_paid_content":false,"footnotes":""},"categories":[11],"tags":[],"class_list":["post-20908","post","type-post","status-publish","format-standard","has-post-thumbnail","hentry","category-opinion"],"jetpack_featured_media_url":"https:\/\/encuentroinformativo.com.mx\/wp-content\/uploads\/2020\/03\/7CF8A22B-2764-47BE-8F7F-38FE9E5D6A2F.jpeg","jetpack_sharing_enabled":true,"jetpack_likes_enabled":true,"amp_enabled":true,"_links":{"self":[{"href":"https:\/\/encuentroinformativo.com.mx\/index.php?rest_route=\/wp\/v2\/posts\/20908","targetHints":{"allow":["GET"]}}],"collection":[{"href":"https:\/\/encuentroinformativo.com.mx\/index.php?rest_route=\/wp\/v2\/posts"}],"about":[{"href":"https:\/\/encuentroinformativo.com.mx\/index.php?rest_route=\/wp\/v2\/types\/post"}],"author":[{"embeddable":true,"href":"https:\/\/encuentroinformativo.com.mx\/index.php?rest_route=\/wp\/v2\/users\/1"}],"replies":[{"embeddable":true,"href":"https:\/\/encuentroinformativo.com.mx\/index.php?rest_route=%2Fwp%2Fv2%2Fcomments&post=20908"}],"version-history":[{"count":1,"href":"https:\/\/encuentroinformativo.com.mx\/index.php?rest_route=\/wp\/v2\/posts\/20908\/revisions"}],"predecessor-version":[{"id":20909,"href":"https:\/\/encuentroinformativo.com.mx\/index.php?rest_route=\/wp\/v2\/posts\/20908\/revisions\/20909"}],"wp:featuredmedia":[{"embeddable":true,"href":"https:\/\/encuentroinformativo.com.mx\/index.php?rest_route=\/wp\/v2\/media\/387"}],"wp:attachment":[{"href":"https:\/\/encuentroinformativo.com.mx\/index.php?rest_route=%2Fwp%2Fv2%2Fmedia&parent=20908"}],"wp:term":[{"taxonomy":"category","embeddable":true,"href":"https:\/\/encuentroinformativo.com.mx\/index.php?rest_route=%2Fwp%2Fv2%2Fcategories&post=20908"},{"taxonomy":"post_tag","embeddable":true,"href":"https:\/\/encuentroinformativo.com.mx\/index.php?rest_route=%2Fwp%2Fv2%2Ftags&post=20908"}],"curies":[{"name":"wp","href":"https:\/\/api.w.org\/{rel}","templated":true}]}}