{"id":20913,"date":"2021-12-02T10:20:27","date_gmt":"2021-12-02T16:20:27","guid":{"rendered":"https:\/\/encuentroinformativo.com.mx\/?p=20913"},"modified":"2021-12-02T10:20:29","modified_gmt":"2021-12-02T16:20:29","slug":"esperan-hoteleros-60-por-ciento-de-ocupacion-por-temporada-decembrina","status":"publish","type":"post","link":"https:\/\/encuentroinformativo.com.mx\/?p=20913","title":{"rendered":"Esperan hoteleros 60 por  ciento de ocupaci\u00f3n por temporada decembrina"},"content":{"rendered":"\n<p><strong>Alejandro \u00c1vila<\/strong><\/p>\n\n\n\n<p>Veracruz, Ver.- El Consejo Metropolitano de Turismo (COMETUR) confirm\u00f3 que se tiene una expectativa de, entre el 50 y 60 por ciento de ocupaci\u00f3n hotelera para el mes de diciembre y la primer semana de enero.<\/p>\n\n\n\n<p>Sergio Lois Heredia, presidente de COMETUR, destac\u00f3 que a diferencia de otros fines de semanas largos, para este mes, ya ha habido reservaciones, lo cual ayuda mucho al empresario, sobre todo en temas administrativos y de planeaci\u00f3n.<\/p>\n\n\n\n<p>&#8220;La expectativa que estamos trayendo es, de entre entre un 50 y 60 por ciento promedio, todo lo que es el mes de diciembre y la primera semana de enero, creemos que as\u00ed va a ser en base al n\u00famero de reservas que tenemos&#8221;.<\/p>\n\n\n\n<p>&#8220;Ya se vuelven a registrar reservas porque en otros fines de semana largos que hab\u00edamos tenido buena afluencia, no se ten\u00edan reservas, para el mes de diciembre se est\u00e1n teniendo reservas, que bueno era el comportamiento habitual hace ya casi dos a\u00f1os, y pues bueno eso nos tiene contentos, tanto a directivos, propietarios, como a personal de todos los establecimientos de hospedaje de atender bien al turismo&#8221;, se\u00f1al\u00f3.<\/p>\n\n\n\n<p>El presidente de COMETUR, destac\u00f3 el Festival &#8220;Vuelve a la Vida&#8221; que organizaron c\u00e1maras empresariales para darle actividad al primer fin de semana de diciembre, por lo que record\u00f3 que este s\u00e1bado habr\u00e1 el primer Maraton de Veracruz, y una verbena del Vino, misma que espera atraer turistas a la zona conurbada.<\/p>\n\n\n\n<p>Finalmente, Lois Heredia, invit\u00f3 a la ciudadan\u00eda y turismo en generalba acudir al hotel Diligencia, donde ayer hicieron el encendido del arbol navide\u00f1o, para que puedan tomarse una fotograf\u00eda en la villa de navidad que colocaron.<\/p>\n","protected":false},"excerpt":{"rendered":"<p>Alejandro \u00c1vila Veracruz, Ver.- El Consejo Metropolitano de Turismo (COMETUR) confirm\u00f3 que se tiene una expectativa de, entre el 50 y 60 por ciento de ocupaci\u00f3n hotelera para el mes de diciembre y la primer semana de enero. Sergio Lois Heredia, presidente de COMETUR, destac\u00f3 que a diferencia de otros fines de semanas largos, para [&hellip;]<\/p>\n","protected":false},"author":1,"featured_media":20914,"comment_status":"open","ping_status":"open","sticky":false,"template":"","format":"standard","meta":{"_jetpack_memberships_contains_paid_content":false,"footnotes":""},"categories":[2],"tags":[],"class_list":["post-20913","post","type-post","status-publish","format-standard","has-post-thumbnail","hentry","category-estado"],"jetpack_featured_media_url":"https:\/\/encuentroinformativo.com.mx\/wp-content\/uploads\/2021\/12\/744EF2D3-B370-45D3-ABA4-7433FA7451BC.jpeg","jetpack_sharing_enabled":true,"jetpack_likes_enabled":true,"amp_enabled":true,"_links":{"self":[{"href":"https:\/\/encuentroinformativo.com.mx\/index.php?rest_route=\/wp\/v2\/posts\/20913","targetHints":{"allow":["GET"]}}],"collection":[{"href":"https:\/\/encuentroinformativo.com.mx\/index.php?rest_route=\/wp\/v2\/posts"}],"about":[{"href":"https:\/\/encuentroinformativo.com.mx\/index.php?rest_route=\/wp\/v2\/types\/post"}],"author":[{"embeddable":true,"href":"https:\/\/encuentroinformativo.com.mx\/index.php?rest_route=\/wp\/v2\/users\/1"}],"replies":[{"embeddable":true,"href":"https:\/\/encuentroinformativo.com.mx\/index.php?rest_route=%2Fwp%2Fv2%2Fcomments&post=20913"}],"version-history":[{"count":1,"href":"https:\/\/encuentroinformativo.com.mx\/index.php?rest_route=\/wp\/v2\/posts\/20913\/revisions"}],"predecessor-version":[{"id":20915,"href":"https:\/\/encuentroinformativo.com.mx\/index.php?rest_route=\/wp\/v2\/posts\/20913\/revisions\/20915"}],"wp:featuredmedia":[{"embeddable":true,"href":"https:\/\/encuentroinformativo.com.mx\/index.php?rest_route=\/wp\/v2\/media\/20914"}],"wp:attachment":[{"href":"https:\/\/encuentroinformativo.com.mx\/index.php?rest_route=%2Fwp%2Fv2%2Fmedia&parent=20913"}],"wp:term":[{"taxonomy":"category","embeddable":true,"href":"https:\/\/encuentroinformativo.com.mx\/index.php?rest_route=%2Fwp%2Fv2%2Fcategories&post=20913"},{"taxonomy":"post_tag","embeddable":true,"href":"https:\/\/encuentroinformativo.com.mx\/index.php?rest_route=%2Fwp%2Fv2%2Ftags&post=20913"}],"curies":[{"name":"wp","href":"https:\/\/api.w.org\/{rel}","templated":true}]}}