{"id":20916,"date":"2021-12-02T10:30:39","date_gmt":"2021-12-02T16:30:39","guid":{"rendered":"https:\/\/encuentroinformativo.com.mx\/?p=20916"},"modified":"2021-12-02T10:30:43","modified_gmt":"2021-12-02T16:30:43","slug":"empleados-de-espacios-educativos-se-deslindan-de-moches-culpan-al-malandro","status":"publish","type":"post","link":"https:\/\/encuentroinformativo.com.mx\/?p=20916","title":{"rendered":"Empleados de Espacios Educativos se deslindan \u201cde moches\u201d; culpan al \u2018malandro\u2019"},"content":{"rendered":"\n<p><strong>Alejandro \u00c1vila<\/strong><\/p>\n\n\n\n<p>Veracruz, Ver.- Empleados de Instituto de Espacios Educativos del Estado de Veracruz, acusaron de forma directa mediante un documento enviado a redacciones de medios de comunicaci\u00f3n, a Iv\u00e1n &#8220;N&#8221; conocido como &#8220;El Malandro&#8221;, de ser el culpable directo de la solicitud de &#8220;moches&#8221;.<\/p>\n\n\n\n<p>1.- Que la \u00fanica persona que como trabajadores tenemos conocimiento que anda pidiendo dinero y haciendo alarde de sus influencias dentro del IEEV&nbsp; es el ingeniero Iv\u00e1n (N) alias el malandro, este nefasto personaje es una persona que presenta con unas charolas viejas de la C\u00e1mara de Diputados del Congreso de la Uni\u00f3n y dice haber sido asesor de los Diputados Federales Panistas.<\/p>\n\n\n\n<p>Mencionan que este sujeto hace alarde de tener al interior de la Secretar\u00eda de Educaci\u00f3n de Veracruz (SEV) a familiares, amigos y presuntos constructores que, lo \u00fanico que hacen -denuncian- es presionarnos para validad y autorizar mediante nuestras firmas, ya sea de supervisores o de personal administrativo, un sinf\u00edn de obras mal hechas o regularmente hechas pero que en nada justifican los importes de los contratos que van encaminados a la construcci\u00f3n de obras dedicadas a la educaci\u00f3n veracruzana.<\/p>\n\n\n\n<p>Dicen tambi\u00e9n desconocer el porque el director general, Ricardo Garc\u00eda Jim\u00e9nez no se ha dado cuenta de las acciones ejecutadas por Iv\u00e1n &#8220;N&#8221; alias &#8220;El Malandro&#8221; y esperan no llegue a consecuencias m\u00e1s graves si llega personal de la Auditor\u00eda Superior de la Federaci\u00f3n (ASF) a revisar contratos y obras.<\/p>\n\n\n\n<p>Finalmente, mencionan que podr\u00edan dar de baja a varias personas del \u00e1rea se\u00f1alada, siendo que muchos no son culpables de la corruptela que ah\u00ed se maneja; por ende, solicitaron al secretario de Educaci\u00f3n, Zenyazen Escobar Garc\u00eda -quien hoy comparece ante diputados locales-, que inicie una investigaci\u00f3n para eliminar &#8220;el c\u00e1ncer&#8221; en su dependencia.<\/p>\n","protected":false},"excerpt":{"rendered":"<p>Alejandro \u00c1vila Veracruz, Ver.- Empleados de Instituto de Espacios Educativos del Estado de Veracruz, acusaron de forma directa mediante un documento enviado a redacciones de medios de comunicaci\u00f3n, a Iv\u00e1n &#8220;N&#8221; conocido como &#8220;El Malandro&#8221;, de ser el culpable directo de la solicitud de &#8220;moches&#8221;. 1.- Que la \u00fanica persona que como trabajadores tenemos conocimiento [&hellip;]<\/p>\n","protected":false},"author":1,"featured_media":20917,"comment_status":"open","ping_status":"open","sticky":false,"template":"","format":"standard","meta":{"_jetpack_memberships_contains_paid_content":false,"footnotes":""},"categories":[2],"tags":[],"class_list":["post-20916","post","type-post","status-publish","format-standard","has-post-thumbnail","hentry","category-estado"],"jetpack_featured_media_url":"https:\/\/encuentroinformativo.com.mx\/wp-content\/uploads\/2021\/12\/05EEC34F-0ED4-42D4-99D2-D3CFE5BFAE90.jpeg","jetpack_sharing_enabled":true,"jetpack_likes_enabled":true,"amp_enabled":true,"_links":{"self":[{"href":"https:\/\/encuentroinformativo.com.mx\/index.php?rest_route=\/wp\/v2\/posts\/20916","targetHints":{"allow":["GET"]}}],"collection":[{"href":"https:\/\/encuentroinformativo.com.mx\/index.php?rest_route=\/wp\/v2\/posts"}],"about":[{"href":"https:\/\/encuentroinformativo.com.mx\/index.php?rest_route=\/wp\/v2\/types\/post"}],"author":[{"embeddable":true,"href":"https:\/\/encuentroinformativo.com.mx\/index.php?rest_route=\/wp\/v2\/users\/1"}],"replies":[{"embeddable":true,"href":"https:\/\/encuentroinformativo.com.mx\/index.php?rest_route=%2Fwp%2Fv2%2Fcomments&post=20916"}],"version-history":[{"count":1,"href":"https:\/\/encuentroinformativo.com.mx\/index.php?rest_route=\/wp\/v2\/posts\/20916\/revisions"}],"predecessor-version":[{"id":20918,"href":"https:\/\/encuentroinformativo.com.mx\/index.php?rest_route=\/wp\/v2\/posts\/20916\/revisions\/20918"}],"wp:featuredmedia":[{"embeddable":true,"href":"https:\/\/encuentroinformativo.com.mx\/index.php?rest_route=\/wp\/v2\/media\/20917"}],"wp:attachment":[{"href":"https:\/\/encuentroinformativo.com.mx\/index.php?rest_route=%2Fwp%2Fv2%2Fmedia&parent=20916"}],"wp:term":[{"taxonomy":"category","embeddable":true,"href":"https:\/\/encuentroinformativo.com.mx\/index.php?rest_route=%2Fwp%2Fv2%2Fcategories&post=20916"},{"taxonomy":"post_tag","embeddable":true,"href":"https:\/\/encuentroinformativo.com.mx\/index.php?rest_route=%2Fwp%2Fv2%2Ftags&post=20916"}],"curies":[{"name":"wp","href":"https:\/\/api.w.org\/{rel}","templated":true}]}}