{"id":20920,"date":"2021-12-02T10:47:27","date_gmt":"2021-12-02T16:47:27","guid":{"rendered":"https:\/\/encuentroinformativo.com.mx\/?p=20920"},"modified":"2021-12-02T10:47:31","modified_gmt":"2021-12-02T16:47:31","slug":"artesanos-y-turistas-aguardan-apertura-de-el-tajin-les-cambian-la-fecha","status":"publish","type":"post","link":"https:\/\/encuentroinformativo.com.mx\/?p=20920","title":{"rendered":"Artesanos y turistas aguardan apertura de El Taj\u00edn, les cambian la fecha"},"content":{"rendered":"\n<p><strong>Alejandro \u00c1vila<\/strong><\/p>\n\n\n\n<p>Papantla, Ver.- Un nuevo coraje tuvieron que pasar turistas que acudieron a la zona arqueol\u00f3gica El Taj\u00edn, pues esta no fue abierta el 1 de diciembre como se promocion\u00f3 en redes sociales.<\/p>\n\n\n\n<p>Artesanos y prestadores de servicio tambi\u00e9n se vieron afectados, toda vez que es la segunda ocasi\u00f3n que son enga\u00f1ados con su apertura, ya que la Secretar\u00eda de Turismo hab\u00eda dicho se abrir\u00eda el 15 de noviembre, cambi\u00f3 fecha al 1 de diciembre, y ahora anuncia que hasta el mes de enero.<\/p>\n\n\n\n<p>Cabe hacer menci\u00f3n que los trabajadores del Instituto Nacional de Antropolog\u00eda e Historia junto con un grupo de artesanos&nbsp; realizaron la limpieza de la zona, misma que comprende las pir\u00e1mides y otros lugares m\u00e1s, para que se agilizar\u00e1 la reapertura pero esto lamentablemente no se dio y ahora tendr\u00e1n que esperar hasta enero, cuando el turismo ya se haya ido a sus lugares de origen.&nbsp;<\/p>\n\n\n\n<p>Derivado de estos problemas, diversos comerciantes establecidos a las afueras de este recinto arqueol\u00f3gico, se encuentran sumamente molestos, debido a que est\u00e1 es la segunda ocasi\u00f3n que se les enga\u00f1a, se\u00f1alando que la zona arqueol\u00f3gica el Taj\u00edn y la de Cuyuxquihui, son las \u00fanicas que permanecen cerradas al turismo, esto a pesar de que el sem\u00e1foro epidemiol\u00f3gico permite la apertura de los espacios p\u00fablicos siempre y cuando se cumplan las&nbsp; medidas sanitarias.<\/p>\n\n\n\n<p>Por lo que esperan una respuesta por parte de las&nbsp; autoridades estatales, y se asigne una fecha segura para la reapertura de esta zona tur\u00edstica, que les permita poder reactivar la econom\u00eda luego de haber sufrido los embates de la pandemia por Covid-19 y mantiene cerrado este centro ceremonial desde el pasado mes de marzo de 2020.<\/p>\n","protected":false},"excerpt":{"rendered":"<p>Alejandro \u00c1vila Papantla, Ver.- Un nuevo coraje tuvieron que pasar turistas que acudieron a la zona arqueol\u00f3gica El Taj\u00edn, pues esta no fue abierta el 1 de diciembre como se promocion\u00f3 en redes sociales. Artesanos y prestadores de servicio tambi\u00e9n se vieron afectados, toda vez que es la segunda ocasi\u00f3n que son enga\u00f1ados con su [&hellip;]<\/p>\n","protected":false},"author":1,"featured_media":20921,"comment_status":"open","ping_status":"open","sticky":false,"template":"","format":"standard","meta":{"_jetpack_memberships_contains_paid_content":false,"footnotes":""},"categories":[2],"tags":[],"class_list":["post-20920","post","type-post","status-publish","format-standard","has-post-thumbnail","hentry","category-estado"],"jetpack_featured_media_url":"https:\/\/encuentroinformativo.com.mx\/wp-content\/uploads\/2021\/12\/3E3D1EC7-AC89-44FB-9625-1B0B3B9D50C1.jpeg","jetpack_sharing_enabled":true,"jetpack_likes_enabled":true,"amp_enabled":true,"_links":{"self":[{"href":"https:\/\/encuentroinformativo.com.mx\/index.php?rest_route=\/wp\/v2\/posts\/20920","targetHints":{"allow":["GET"]}}],"collection":[{"href":"https:\/\/encuentroinformativo.com.mx\/index.php?rest_route=\/wp\/v2\/posts"}],"about":[{"href":"https:\/\/encuentroinformativo.com.mx\/index.php?rest_route=\/wp\/v2\/types\/post"}],"author":[{"embeddable":true,"href":"https:\/\/encuentroinformativo.com.mx\/index.php?rest_route=\/wp\/v2\/users\/1"}],"replies":[{"embeddable":true,"href":"https:\/\/encuentroinformativo.com.mx\/index.php?rest_route=%2Fwp%2Fv2%2Fcomments&post=20920"}],"version-history":[{"count":1,"href":"https:\/\/encuentroinformativo.com.mx\/index.php?rest_route=\/wp\/v2\/posts\/20920\/revisions"}],"predecessor-version":[{"id":20922,"href":"https:\/\/encuentroinformativo.com.mx\/index.php?rest_route=\/wp\/v2\/posts\/20920\/revisions\/20922"}],"wp:featuredmedia":[{"embeddable":true,"href":"https:\/\/encuentroinformativo.com.mx\/index.php?rest_route=\/wp\/v2\/media\/20921"}],"wp:attachment":[{"href":"https:\/\/encuentroinformativo.com.mx\/index.php?rest_route=%2Fwp%2Fv2%2Fmedia&parent=20920"}],"wp:term":[{"taxonomy":"category","embeddable":true,"href":"https:\/\/encuentroinformativo.com.mx\/index.php?rest_route=%2Fwp%2Fv2%2Fcategories&post=20920"},{"taxonomy":"post_tag","embeddable":true,"href":"https:\/\/encuentroinformativo.com.mx\/index.php?rest_route=%2Fwp%2Fv2%2Ftags&post=20920"}],"curies":[{"name":"wp","href":"https:\/\/api.w.org\/{rel}","templated":true}]}}