{"id":20923,"date":"2021-12-02T10:53:03","date_gmt":"2021-12-02T16:53:03","guid":{"rendered":"https:\/\/encuentroinformativo.com.mx\/?p=20923"},"modified":"2021-12-02T10:53:07","modified_gmt":"2021-12-02T16:53:07","slug":"docentes-candidatean-a-secretario-de-educacion","status":"publish","type":"post","link":"https:\/\/encuentroinformativo.com.mx\/?p=20923","title":{"rendered":"Docentes \u201ccandidatean\u201d a Secretario de Educaci\u00f3n"},"content":{"rendered":"\n<p><strong>Juan Arcos<\/strong><\/p>\n\n\n\n<p>Xalapa, Ver.- Docentes de distintas regiones de Veracruz candidatearon al titular de la Secretar\u00eda de Educaci\u00f3n de Veracruz (SEV), Zenyazen Escobar Garc\u00eda, para gobernador del estado en el a\u00f1o 2024.<\/p>\n\n\n\n<p>Se trata de profesores de Acayucan, Coatzacoalcos, Minatitl\u00e1n, Las Choapas, Lerdo de Tejada, Tuxpan, \u00c1lamo Temapache, Huatusco y Coscomatepec, quienes acudieron al Congreso del Estado en apoyo al funcionario estatal durante su comparecencia por la glosa del tercer informe de gobierno.<\/p>\n\n\n\n<p>De acuerdo con \u00d3scar Vega, docente de Minatitl\u00e1n, el Secretario de Educaci\u00f3n est\u00e1 facultado para asumir el cargo de Gobernador, en caso de que busque la candidatura en un futuro.<\/p>\n\n\n\n<p>\u201cSabemos que es un compa\u00f1ero de lucha desde el 2013, que \u00e9l se uni\u00f3 a la lucha magisterial\u201d, expres\u00f3 el entrevistado.\u00a0<br>A su juicio, en caso de que Zenyazen Escobar sea el candidato a la gubernatura de Veracruz en 2024, m\u00e1s de 150 mil docentes lo respaldar\u00edan.<\/p>\n\n\n\n<p>\u201cVeracruz cuenta con m\u00e1s de 150 mil maestros y cada maestro tiene 20 o 30 padres de familia de su lado\u201d, enfatiz\u00f3.<\/p>\n\n\n\n<p>Los profesores se plantaron sobre la calle Encanto, donde sostuvieron lonas con diversos mensajes de apoyo al funcionario estatal.<\/p>\n\n\n\n<p>\u201cDr. Zenvanzen R. Escobar Garcia el mejor Secretario de Educaci\u00f3n que ha tenido Veracruz\u201d, se le\u00eda en algunos de los mensajes.<\/p>\n","protected":false},"excerpt":{"rendered":"<p>Juan Arcos Xalapa, Ver.- Docentes de distintas regiones de Veracruz candidatearon al titular de la Secretar\u00eda de Educaci\u00f3n de Veracruz (SEV), Zenyazen Escobar Garc\u00eda, para gobernador del estado en el a\u00f1o 2024. Se trata de profesores de Acayucan, Coatzacoalcos, Minatitl\u00e1n, Las Choapas, Lerdo de Tejada, Tuxpan, \u00c1lamo Temapache, Huatusco y Coscomatepec, quienes acudieron al Congreso [&hellip;]<\/p>\n","protected":false},"author":1,"featured_media":20924,"comment_status":"open","ping_status":"open","sticky":false,"template":"","format":"standard","meta":{"_jetpack_memberships_contains_paid_content":false,"footnotes":""},"categories":[2],"tags":[],"class_list":["post-20923","post","type-post","status-publish","format-standard","has-post-thumbnail","hentry","category-estado"],"jetpack_featured_media_url":"https:\/\/encuentroinformativo.com.mx\/wp-content\/uploads\/2021\/12\/96BF70C4-6706-4D46-90DE-894198026304.jpeg","jetpack_sharing_enabled":true,"jetpack_likes_enabled":true,"amp_enabled":true,"_links":{"self":[{"href":"https:\/\/encuentroinformativo.com.mx\/index.php?rest_route=\/wp\/v2\/posts\/20923","targetHints":{"allow":["GET"]}}],"collection":[{"href":"https:\/\/encuentroinformativo.com.mx\/index.php?rest_route=\/wp\/v2\/posts"}],"about":[{"href":"https:\/\/encuentroinformativo.com.mx\/index.php?rest_route=\/wp\/v2\/types\/post"}],"author":[{"embeddable":true,"href":"https:\/\/encuentroinformativo.com.mx\/index.php?rest_route=\/wp\/v2\/users\/1"}],"replies":[{"embeddable":true,"href":"https:\/\/encuentroinformativo.com.mx\/index.php?rest_route=%2Fwp%2Fv2%2Fcomments&post=20923"}],"version-history":[{"count":1,"href":"https:\/\/encuentroinformativo.com.mx\/index.php?rest_route=\/wp\/v2\/posts\/20923\/revisions"}],"predecessor-version":[{"id":20925,"href":"https:\/\/encuentroinformativo.com.mx\/index.php?rest_route=\/wp\/v2\/posts\/20923\/revisions\/20925"}],"wp:featuredmedia":[{"embeddable":true,"href":"https:\/\/encuentroinformativo.com.mx\/index.php?rest_route=\/wp\/v2\/media\/20924"}],"wp:attachment":[{"href":"https:\/\/encuentroinformativo.com.mx\/index.php?rest_route=%2Fwp%2Fv2%2Fmedia&parent=20923"}],"wp:term":[{"taxonomy":"category","embeddable":true,"href":"https:\/\/encuentroinformativo.com.mx\/index.php?rest_route=%2Fwp%2Fv2%2Fcategories&post=20923"},{"taxonomy":"post_tag","embeddable":true,"href":"https:\/\/encuentroinformativo.com.mx\/index.php?rest_route=%2Fwp%2Fv2%2Ftags&post=20923"}],"curies":[{"name":"wp","href":"https:\/\/api.w.org\/{rel}","templated":true}]}}