{"id":2093,"date":"2020-04-24T13:34:09","date_gmt":"2020-04-24T18:34:09","guid":{"rendered":"https:\/\/encuentroinformativo.com\/?p=2093"},"modified":"2020-04-24T13:34:11","modified_gmt":"2020-04-24T18:34:11","slug":"insisten-vendedores-piden-apoyos-a-las-autoridades","status":"publish","type":"post","link":"https:\/\/encuentroinformativo.com.mx\/?p=2093","title":{"rendered":"Insisten vendedores piden \u201capoyos\u201d a las autoridades"},"content":{"rendered":"\n<p><strong>Dar\u00edo Pale <\/strong><\/p>\n\n\n\n<p>Xalapa, Ver.- La secretaria general de la Uni\u00f3n de Vendedores Fijos y Semifijos del parque Ju\u00e1rez, Yolanda Romero, dio a conocer que al menos 67 vendedores del parque Ju\u00e1rez dejaron su actividad ante la instalaci\u00f3n de vallas en este sitio.<\/p>\n\n\n\n<p>Entrevistada en las afueras del palacio municipal se\u00f1al\u00f3 que se trata de 22 casetas, 10 globeros, cinco canastas y cuatro neveros que no pueden seguir vendiendo.<\/p>\n\n\n\n<p>\u201cTodos tenemos familia y de d\u00f3nde vamos a sacar para mantenerlos durante 15 d\u00edas, de por s\u00ed las ventas estaban bajas, no sac\u00e1bamos ni lo del gasto\u201d, se\u00f1al\u00f3 en entrevista la l\u00edder.<\/p>\n\n\n\n<p>Dijo que las autoridades les comentaron que el parque permanecer\u00e1 \u201dcerrado\u201d en todos sus accesos durante los pr\u00f3ximos 15 d\u00edas, por lo cual pidieron el apoyo para paliar esta crisis.<\/p>\n\n\n\n<p>\u201cEstamos viendo en qu\u00e9 nos puedan apoyar porque no vamos a tener ning\u00fan ingreso y queremos ver si el Gobierno del estado nos quiere echar la mano. Hay gente oportunista que recibieron apoyo del Ayuntamiento y nosotros no\u201d, manifest\u00f3.<\/p>\n\n\n\n<p>Finalmente cabe se\u00f1alar que lograron accesar a sus locales para poder retirar mercanc\u00eda que se puede descomponer y material que pueden utilizar para otras cosas.<\/p>\n","protected":false},"excerpt":{"rendered":"<p>Dar\u00edo Pale Xalapa, Ver.- La secretaria general de la Uni\u00f3n de Vendedores Fijos y Semifijos del parque Ju\u00e1rez, Yolanda Romero, dio a conocer que al menos 67 vendedores del parque Ju\u00e1rez dejaron su actividad ante la instalaci\u00f3n de vallas en este sitio. Entrevistada en las afueras del palacio municipal se\u00f1al\u00f3 que se trata de 22 [&hellip;]<\/p>\n","protected":false},"author":1,"featured_media":2094,"comment_status":"open","ping_status":"open","sticky":false,"template":"","format":"standard","meta":{"_jetpack_memberships_contains_paid_content":false,"footnotes":""},"categories":[3],"tags":[],"class_list":["post-2093","post","type-post","status-publish","format-standard","has-post-thumbnail","hentry","category-xalapa"],"jetpack_featured_media_url":"https:\/\/encuentroinformativo.com.mx\/wp-content\/uploads\/2020\/04\/D0709D38-8CAA-4275-8A0D-F9226B202657.jpeg","jetpack_sharing_enabled":true,"jetpack_likes_enabled":true,"amp_enabled":true,"_links":{"self":[{"href":"https:\/\/encuentroinformativo.com.mx\/index.php?rest_route=\/wp\/v2\/posts\/2093","targetHints":{"allow":["GET"]}}],"collection":[{"href":"https:\/\/encuentroinformativo.com.mx\/index.php?rest_route=\/wp\/v2\/posts"}],"about":[{"href":"https:\/\/encuentroinformativo.com.mx\/index.php?rest_route=\/wp\/v2\/types\/post"}],"author":[{"embeddable":true,"href":"https:\/\/encuentroinformativo.com.mx\/index.php?rest_route=\/wp\/v2\/users\/1"}],"replies":[{"embeddable":true,"href":"https:\/\/encuentroinformativo.com.mx\/index.php?rest_route=%2Fwp%2Fv2%2Fcomments&post=2093"}],"version-history":[{"count":1,"href":"https:\/\/encuentroinformativo.com.mx\/index.php?rest_route=\/wp\/v2\/posts\/2093\/revisions"}],"predecessor-version":[{"id":2095,"href":"https:\/\/encuentroinformativo.com.mx\/index.php?rest_route=\/wp\/v2\/posts\/2093\/revisions\/2095"}],"wp:featuredmedia":[{"embeddable":true,"href":"https:\/\/encuentroinformativo.com.mx\/index.php?rest_route=\/wp\/v2\/media\/2094"}],"wp:attachment":[{"href":"https:\/\/encuentroinformativo.com.mx\/index.php?rest_route=%2Fwp%2Fv2%2Fmedia&parent=2093"}],"wp:term":[{"taxonomy":"category","embeddable":true,"href":"https:\/\/encuentroinformativo.com.mx\/index.php?rest_route=%2Fwp%2Fv2%2Fcategories&post=2093"},{"taxonomy":"post_tag","embeddable":true,"href":"https:\/\/encuentroinformativo.com.mx\/index.php?rest_route=%2Fwp%2Fv2%2Ftags&post=2093"}],"curies":[{"name":"wp","href":"https:\/\/api.w.org\/{rel}","templated":true}]}}