{"id":20935,"date":"2021-12-03T09:24:57","date_gmt":"2021-12-03T15:24:57","guid":{"rendered":"https:\/\/encuentroinformativo.com.mx\/?p=20935"},"modified":"2021-12-03T09:25:01","modified_gmt":"2021-12-03T15:25:01","slug":"dif-de-veracruz-vincula-a-empleos-a-ciudadanos-con-discapacidad","status":"publish","type":"post","link":"https:\/\/encuentroinformativo.com.mx\/?p=20935","title":{"rendered":"DIF de Veracruz vincula a empleos a ciudadanos con discapacidad"},"content":{"rendered":"\n<p><strong>Alejandro \u00c1vila<\/strong><\/p>\n\n\n\n<p>Veracruz, Ver.- Este jueves 30 empresas veracruzanas en coordinaci\u00f3n con el DIF Municipal de Veracruz, realizaron una jornada de oferta laboral para adultos mayores y personas con discapacidad en los bajos del Palacio Municipal.<\/p>\n\n\n\n<p>La presidenta del DIF Municipal de Veracruz, Mariela Lohman D\u00edaz, detall\u00f3 en discurso que en cuatro a\u00f1os lograron vincular a m\u00e1s de tres mil personas a un empleo en cerca de 250 empresas.<\/p>\n\n\n\n<p>&#8220;Desde el primer d\u00eda nuestra misi\u00f3n era dejar como legado un Veracruz inclusivo, cada una de nuestras acciones estaban encaminadas a construir un Veracruz justo y sin barreras, ya que es a trav\u00e9s de la inclusi\u00f3n como podemos brindar mejores oportunidades en cualquier ambito a todos los miembros de una sociedad&#8221;, subray\u00f3 la presidenta del DIF.<\/p>\n\n\n\n<p>Lohman D\u00edaz, destac\u00f3 las empresas ofrecieron empleos de diversos rubros, algunos comercios incluso, ofrecieron talleres a emprendedores y brindaron capacitaci\u00f3n y cursos a sus nuevos integrantes, a fin de enriquecer su capacidad laboral para un futuro.<\/p>\n\n\n\n<p>En dicho evento, estuvieron presentes la directora del DIF Municipal, Yamileth Herrera D\u00edaz; la regidora cuarta, X\u00f3chitl Arzaba Hern\u00e1ndez; y el presidente de la CANACO Veracruz, Jos\u00e9 Antonio Mendoza Garc\u00eda.<\/p>\n","protected":false},"excerpt":{"rendered":"<p>Alejandro \u00c1vila Veracruz, Ver.- Este jueves 30 empresas veracruzanas en coordinaci\u00f3n con el DIF Municipal de Veracruz, realizaron una jornada de oferta laboral para adultos mayores y personas con discapacidad en los bajos del Palacio Municipal. La presidenta del DIF Municipal de Veracruz, Mariela Lohman D\u00edaz, detall\u00f3 en discurso que en cuatro a\u00f1os lograron vincular [&hellip;]<\/p>\n","protected":false},"author":1,"featured_media":20936,"comment_status":"open","ping_status":"open","sticky":false,"template":"","format":"standard","meta":{"_jetpack_memberships_contains_paid_content":false,"footnotes":""},"categories":[2],"tags":[],"class_list":["post-20935","post","type-post","status-publish","format-standard","has-post-thumbnail","hentry","category-estado"],"jetpack_featured_media_url":"https:\/\/encuentroinformativo.com.mx\/wp-content\/uploads\/2021\/12\/59F779F2-C663-44DD-AAEB-2F7FEA76498E.jpeg","jetpack_sharing_enabled":true,"jetpack_likes_enabled":true,"amp_enabled":true,"_links":{"self":[{"href":"https:\/\/encuentroinformativo.com.mx\/index.php?rest_route=\/wp\/v2\/posts\/20935","targetHints":{"allow":["GET"]}}],"collection":[{"href":"https:\/\/encuentroinformativo.com.mx\/index.php?rest_route=\/wp\/v2\/posts"}],"about":[{"href":"https:\/\/encuentroinformativo.com.mx\/index.php?rest_route=\/wp\/v2\/types\/post"}],"author":[{"embeddable":true,"href":"https:\/\/encuentroinformativo.com.mx\/index.php?rest_route=\/wp\/v2\/users\/1"}],"replies":[{"embeddable":true,"href":"https:\/\/encuentroinformativo.com.mx\/index.php?rest_route=%2Fwp%2Fv2%2Fcomments&post=20935"}],"version-history":[{"count":1,"href":"https:\/\/encuentroinformativo.com.mx\/index.php?rest_route=\/wp\/v2\/posts\/20935\/revisions"}],"predecessor-version":[{"id":20937,"href":"https:\/\/encuentroinformativo.com.mx\/index.php?rest_route=\/wp\/v2\/posts\/20935\/revisions\/20937"}],"wp:featuredmedia":[{"embeddable":true,"href":"https:\/\/encuentroinformativo.com.mx\/index.php?rest_route=\/wp\/v2\/media\/20936"}],"wp:attachment":[{"href":"https:\/\/encuentroinformativo.com.mx\/index.php?rest_route=%2Fwp%2Fv2%2Fmedia&parent=20935"}],"wp:term":[{"taxonomy":"category","embeddable":true,"href":"https:\/\/encuentroinformativo.com.mx\/index.php?rest_route=%2Fwp%2Fv2%2Fcategories&post=20935"},{"taxonomy":"post_tag","embeddable":true,"href":"https:\/\/encuentroinformativo.com.mx\/index.php?rest_route=%2Fwp%2Fv2%2Ftags&post=20935"}],"curies":[{"name":"wp","href":"https:\/\/api.w.org\/{rel}","templated":true}]}}