{"id":20947,"date":"2021-12-03T13:23:33","date_gmt":"2021-12-03T19:23:33","guid":{"rendered":"https:\/\/encuentroinformativo.com.mx\/?p=20947"},"modified":"2021-12-03T13:23:36","modified_gmt":"2021-12-03T19:23:36","slug":"se-aplicara-mano-dura-en-medellin-marcos-isleno","status":"publish","type":"post","link":"https:\/\/encuentroinformativo.com.mx\/?p=20947","title":{"rendered":"Se aplicar\u00e1 mano dura en Medell\u00edn: Marcos Isle\u00f1o"},"content":{"rendered":"\n<p><strong>Alejandro \u00c1vila<\/strong><\/p>\n\n\n\n<p>Boca del R\u00edo, Ver.- Tras las presuntas anomal\u00edas en las cuentas p\u00fablicas de Medell\u00edn de Bravo, el alcalde electo Marcos Isle\u00f1o Andrade, asegur\u00f3 que entrar\u00e1n el d\u00eda 1 de enero con &#8220;mano dura&#8221; y con denuncias ante el \u00d3rganos de Fiscalizaci\u00f3n de Veracruz (ORFIS), buscar\u00e1n se regrese lo robado al municipio.<\/p>\n\n\n\n<p>El abanderado del Partido Verde Ecologista, dijo que las denuncias las har\u00e1 su equipo jur\u00eddico ante el ORFIS, una vez que cuenten con las pruebas del presunto da\u00f1o patrimonial que se\u00f1alan ciudadanos, medios de comunicaci\u00f3n y empleados municipales, existe en las arcas de Medell\u00edn de Bravo.<\/p>\n\n\n\n<p>&#8220;Tendremos que revisar y poner las denuncias correspondientes. Que quede muy claro y aprovecho el espacio para cometarles que nuestra administraci\u00f3n va a entrar con mano dura, porque en el municipio de Medell\u00edn habemos gente muy tranquila, con muchos deseos de superaraci\u00f3n, pero la verdad es que lo que le han hecho al municipio, lo que se percibe que le han hecho al municipio, la verdad no puede quedar impune, tenemos que aplicar todo el peso de la ley, para que pague quien pague&#8221;, destac\u00f3.<\/p>\n\n\n\n<p>Marcos Isle\u00f1o, mencion\u00f3 que ser\u00e1 el pr\u00f3ximo lunes cuando env\u00eden el oficio para iniciar con la entrega &#8211; recepci\u00f3n, y destac\u00f3 que seg\u00fan lo informado por la l\u00edder sindical de los trabajadores del Ayuntamiento, existen adeudos con Comisi\u00f3n Federal de Electricidad (CFE), una financiera, y aguinaldos y n\u00f3mina de trabajadores.<\/p>\n","protected":false},"excerpt":{"rendered":"<p>Alejandro \u00c1vila Boca del R\u00edo, Ver.- Tras las presuntas anomal\u00edas en las cuentas p\u00fablicas de Medell\u00edn de Bravo, el alcalde electo Marcos Isle\u00f1o Andrade, asegur\u00f3 que entrar\u00e1n el d\u00eda 1 de enero con &#8220;mano dura&#8221; y con denuncias ante el \u00d3rganos de Fiscalizaci\u00f3n de Veracruz (ORFIS), buscar\u00e1n se regrese lo robado al municipio. El abanderado [&hellip;]<\/p>\n","protected":false},"author":1,"featured_media":20948,"comment_status":"open","ping_status":"open","sticky":false,"template":"","format":"standard","meta":{"_jetpack_memberships_contains_paid_content":false,"footnotes":""},"categories":[2],"tags":[],"class_list":["post-20947","post","type-post","status-publish","format-standard","has-post-thumbnail","hentry","category-estado"],"jetpack_featured_media_url":"https:\/\/encuentroinformativo.com.mx\/wp-content\/uploads\/2021\/12\/E377FE86-27DA-4A39-A5C6-A69F6C41EF16.jpeg","jetpack_sharing_enabled":true,"jetpack_likes_enabled":true,"amp_enabled":true,"_links":{"self":[{"href":"https:\/\/encuentroinformativo.com.mx\/index.php?rest_route=\/wp\/v2\/posts\/20947","targetHints":{"allow":["GET"]}}],"collection":[{"href":"https:\/\/encuentroinformativo.com.mx\/index.php?rest_route=\/wp\/v2\/posts"}],"about":[{"href":"https:\/\/encuentroinformativo.com.mx\/index.php?rest_route=\/wp\/v2\/types\/post"}],"author":[{"embeddable":true,"href":"https:\/\/encuentroinformativo.com.mx\/index.php?rest_route=\/wp\/v2\/users\/1"}],"replies":[{"embeddable":true,"href":"https:\/\/encuentroinformativo.com.mx\/index.php?rest_route=%2Fwp%2Fv2%2Fcomments&post=20947"}],"version-history":[{"count":1,"href":"https:\/\/encuentroinformativo.com.mx\/index.php?rest_route=\/wp\/v2\/posts\/20947\/revisions"}],"predecessor-version":[{"id":20949,"href":"https:\/\/encuentroinformativo.com.mx\/index.php?rest_route=\/wp\/v2\/posts\/20947\/revisions\/20949"}],"wp:featuredmedia":[{"embeddable":true,"href":"https:\/\/encuentroinformativo.com.mx\/index.php?rest_route=\/wp\/v2\/media\/20948"}],"wp:attachment":[{"href":"https:\/\/encuentroinformativo.com.mx\/index.php?rest_route=%2Fwp%2Fv2%2Fmedia&parent=20947"}],"wp:term":[{"taxonomy":"category","embeddable":true,"href":"https:\/\/encuentroinformativo.com.mx\/index.php?rest_route=%2Fwp%2Fv2%2Fcategories&post=20947"},{"taxonomy":"post_tag","embeddable":true,"href":"https:\/\/encuentroinformativo.com.mx\/index.php?rest_route=%2Fwp%2Fv2%2Ftags&post=20947"}],"curies":[{"name":"wp","href":"https:\/\/api.w.org\/{rel}","templated":true}]}}