{"id":20953,"date":"2021-12-03T14:19:53","date_gmt":"2021-12-03T20:19:53","guid":{"rendered":"https:\/\/encuentroinformativo.com.mx\/?p=20953"},"modified":"2021-12-03T14:19:57","modified_gmt":"2021-12-03T20:19:57","slug":"entrego-gobernador-medalla-ruiz-cortines-a-cronista-luis-rodriguez","status":"publish","type":"post","link":"https:\/\/encuentroinformativo.com.mx\/?p=20953","title":{"rendered":"Entreg\u00f3 gobernador medalla Ruiz Cortines a cronista Luis Rodr\u00edguez"},"content":{"rendered":"\n<p><strong>Dar\u00edo Pale<\/strong><\/p>\n\n\n\n<p>Xalapa, Ver.- El gobernador de Veracruz Cuitlahuac Garc\u00eda Jim\u00e9nez hizo entregan de la medalla &#8220;Adolfo Ruiz Cortines&#8221; al cronista Luis Antonio Rodr\u00edguez Pulido.<\/p>\n\n\n\n<p>El Congreso del Estado otorg\u00f3 el premio Medalla &#8220;Adolfo Ruiz Cortines&#8221; y diploma al afrodescendiente Luis Antonio Rodr\u00edguez Pulido, por su destacada trayectoria como cronista.<\/p>\n\n\n\n<p>En sesi\u00f3n solemne, el gobernador Cuitl\u00e1huac Garc\u00eda Jim\u00e9nez, entreg\u00f3 la presea y reconocimiento a nombre del pueblo de Veracruz, debido a las b\u00fasquedas y reconocimiento del pueblo afromexicano en la regi\u00f3n de la Cuenca del Papaloapan .<\/p>\n\n\n\n<p>&#8220;A cuya palabra ha dado espacio con labor en la radiodifusi\u00f3n&#8221;, destac\u00f3 durante la sesi\u00f3n la secretaria de la Mesa Directiva, Arianna \u00c1ngeles Aguirre.<\/p>\n","protected":false},"excerpt":{"rendered":"<p>Dar\u00edo Pale Xalapa, Ver.- El gobernador de Veracruz Cuitlahuac Garc\u00eda Jim\u00e9nez hizo entregan de la medalla &#8220;Adolfo Ruiz Cortines&#8221; al cronista Luis Antonio Rodr\u00edguez Pulido. El Congreso del Estado otorg\u00f3 el premio Medalla &#8220;Adolfo Ruiz Cortines&#8221; y diploma al afrodescendiente Luis Antonio Rodr\u00edguez Pulido, por su destacada trayectoria como cronista. En sesi\u00f3n solemne, el gobernador [&hellip;]<\/p>\n","protected":false},"author":1,"featured_media":20954,"comment_status":"open","ping_status":"open","sticky":false,"template":"","format":"standard","meta":{"_jetpack_memberships_contains_paid_content":false,"footnotes":""},"categories":[2],"tags":[],"class_list":["post-20953","post","type-post","status-publish","format-standard","has-post-thumbnail","hentry","category-estado"],"jetpack_featured_media_url":"https:\/\/encuentroinformativo.com.mx\/wp-content\/uploads\/2021\/12\/BD9CD0FA-658E-4FA6-B169-6682D77D9AB4.jpeg","jetpack_sharing_enabled":true,"jetpack_likes_enabled":true,"amp_enabled":true,"_links":{"self":[{"href":"https:\/\/encuentroinformativo.com.mx\/index.php?rest_route=\/wp\/v2\/posts\/20953","targetHints":{"allow":["GET"]}}],"collection":[{"href":"https:\/\/encuentroinformativo.com.mx\/index.php?rest_route=\/wp\/v2\/posts"}],"about":[{"href":"https:\/\/encuentroinformativo.com.mx\/index.php?rest_route=\/wp\/v2\/types\/post"}],"author":[{"embeddable":true,"href":"https:\/\/encuentroinformativo.com.mx\/index.php?rest_route=\/wp\/v2\/users\/1"}],"replies":[{"embeddable":true,"href":"https:\/\/encuentroinformativo.com.mx\/index.php?rest_route=%2Fwp%2Fv2%2Fcomments&post=20953"}],"version-history":[{"count":1,"href":"https:\/\/encuentroinformativo.com.mx\/index.php?rest_route=\/wp\/v2\/posts\/20953\/revisions"}],"predecessor-version":[{"id":20955,"href":"https:\/\/encuentroinformativo.com.mx\/index.php?rest_route=\/wp\/v2\/posts\/20953\/revisions\/20955"}],"wp:featuredmedia":[{"embeddable":true,"href":"https:\/\/encuentroinformativo.com.mx\/index.php?rest_route=\/wp\/v2\/media\/20954"}],"wp:attachment":[{"href":"https:\/\/encuentroinformativo.com.mx\/index.php?rest_route=%2Fwp%2Fv2%2Fmedia&parent=20953"}],"wp:term":[{"taxonomy":"category","embeddable":true,"href":"https:\/\/encuentroinformativo.com.mx\/index.php?rest_route=%2Fwp%2Fv2%2Fcategories&post=20953"},{"taxonomy":"post_tag","embeddable":true,"href":"https:\/\/encuentroinformativo.com.mx\/index.php?rest_route=%2Fwp%2Fv2%2Ftags&post=20953"}],"curies":[{"name":"wp","href":"https:\/\/api.w.org\/{rel}","templated":true}]}}