{"id":20959,"date":"2021-12-03T16:20:35","date_gmt":"2021-12-03T22:20:35","guid":{"rendered":"https:\/\/encuentroinformativo.com.mx\/?p=20959"},"modified":"2021-12-03T16:20:38","modified_gmt":"2021-12-03T22:20:38","slug":"esclerosis-segunda-causa-de-discapacidad","status":"publish","type":"post","link":"https:\/\/encuentroinformativo.com.mx\/?p=20959","title":{"rendered":"Esclerosis, segunda causa de discapacidad"},"content":{"rendered":"\n<p><strong>Juan Arcos <\/strong><\/p>\n\n\n\n<p>Xalapa, Ver.- M\u00e1s de 20 mil mexicanas y mexicanos, de entre 20 y 35 a\u00f1os, viven con esclerosis m\u00faltiple, la\u00a0segunda causa de discapacidad\u00a0en j\u00f3venes, en edad productiva.<\/p>\n\n\n\n<p>La Secretar\u00eda de Salud y la Cl\u00ednica de Esclerosis M\u00faltiple y Enfermedades Desmielinizantes del Instituto Nacional de Neurolog\u00eda y Neurocirug\u00eda sostienen que la incidencia mayor se da en mujeres con un 70 por ciento aproximadamente.<\/p>\n\n\n\n<p>La enfermedad ocasiona que el sistema inmunol\u00f3gico degrade la cubierta protectora de los nervios, da\u00f1\u00e1ndolos e interrumpiendo la comunicaci\u00f3n entre el cerebro y el cuerpo.<\/p>\n\n\n\n<p>La esclerosis m\u00faltiple, al ser una enfermedad desmielinizante, la afectaci\u00f3n que provoca en el cerebro y la m\u00e9dula espinal puede derivar en la discapacidad de alguna parte del cuerpo, ya que cuando \u00e9sta progresa, las funciones normales de las personas se ven afectadas.<\/p>\n\n\n\n<p>Hay diversos tipos, pero la Esclerosis M\u00faltiple Remitente Recurrente (EMRR) es la m\u00e1s com\u00fan. Cerca del 85 por ciento de los pacientes son diagnosticados inicialmente con este tipo.<\/p>\n\n\n\n<p>Se caracteriza por reca\u00eddas m\u00e1s severas y periodos de recuperaci\u00f3n m\u00e1s complejos, lo que ha demostrado que se asocia con la aparici\u00f3n de discapacidad a largo plazo.<\/p>\n\n\n\n<p>La Organizaci\u00f3n Mundial de la Salud (OMS) revela que aproximadamente el 15 por ciento de la poblaci\u00f3n mundial tiene alguna discapacidad, producto de distintas causas, entre las que se encuentran las enfermedades cr\u00f3nico-degenerativas como la esclerosis m\u00faltiple.\u00a0<\/p>\n\n\n\n<p>De acuerdo con la OMS, las personas con este padecimiento sufren acceso limitado a los programas de salud que tienen como objetivo evitar la progresi\u00f3n de la enfermedad y, por ende, la discapacidad.<\/p>\n\n\n\n<p>Cabe mencionar que este 3 de diciembre se conmemora el D\u00eda Internacional de las Personas con Discapacidad.<\/p>\n","protected":false},"excerpt":{"rendered":"<p>Juan Arcos Xalapa, Ver.- M\u00e1s de 20 mil mexicanas y mexicanos, de entre 20 y 35 a\u00f1os, viven con esclerosis m\u00faltiple, la\u00a0segunda causa de discapacidad\u00a0en j\u00f3venes, en edad productiva. La Secretar\u00eda de Salud y la Cl\u00ednica de Esclerosis M\u00faltiple y Enfermedades Desmielinizantes del Instituto Nacional de Neurolog\u00eda y Neurocirug\u00eda sostienen que la incidencia mayor se [&hellip;]<\/p>\n","protected":false},"author":1,"featured_media":20960,"comment_status":"open","ping_status":"open","sticky":false,"template":"","format":"standard","meta":{"_jetpack_memberships_contains_paid_content":false,"footnotes":""},"categories":[9],"tags":[],"class_list":["post-20959","post","type-post","status-publish","format-standard","has-post-thumbnail","hentry","category-salud"],"jetpack_featured_media_url":"https:\/\/encuentroinformativo.com.mx\/wp-content\/uploads\/2021\/12\/82964B72-6CD3-44F0-B9DF-CCE81C8C4F5C.jpeg","jetpack_sharing_enabled":true,"jetpack_likes_enabled":true,"amp_enabled":true,"_links":{"self":[{"href":"https:\/\/encuentroinformativo.com.mx\/index.php?rest_route=\/wp\/v2\/posts\/20959","targetHints":{"allow":["GET"]}}],"collection":[{"href":"https:\/\/encuentroinformativo.com.mx\/index.php?rest_route=\/wp\/v2\/posts"}],"about":[{"href":"https:\/\/encuentroinformativo.com.mx\/index.php?rest_route=\/wp\/v2\/types\/post"}],"author":[{"embeddable":true,"href":"https:\/\/encuentroinformativo.com.mx\/index.php?rest_route=\/wp\/v2\/users\/1"}],"replies":[{"embeddable":true,"href":"https:\/\/encuentroinformativo.com.mx\/index.php?rest_route=%2Fwp%2Fv2%2Fcomments&post=20959"}],"version-history":[{"count":1,"href":"https:\/\/encuentroinformativo.com.mx\/index.php?rest_route=\/wp\/v2\/posts\/20959\/revisions"}],"predecessor-version":[{"id":20961,"href":"https:\/\/encuentroinformativo.com.mx\/index.php?rest_route=\/wp\/v2\/posts\/20959\/revisions\/20961"}],"wp:featuredmedia":[{"embeddable":true,"href":"https:\/\/encuentroinformativo.com.mx\/index.php?rest_route=\/wp\/v2\/media\/20960"}],"wp:attachment":[{"href":"https:\/\/encuentroinformativo.com.mx\/index.php?rest_route=%2Fwp%2Fv2%2Fmedia&parent=20959"}],"wp:term":[{"taxonomy":"category","embeddable":true,"href":"https:\/\/encuentroinformativo.com.mx\/index.php?rest_route=%2Fwp%2Fv2%2Fcategories&post=20959"},{"taxonomy":"post_tag","embeddable":true,"href":"https:\/\/encuentroinformativo.com.mx\/index.php?rest_route=%2Fwp%2Fv2%2Ftags&post=20959"}],"curies":[{"name":"wp","href":"https:\/\/api.w.org\/{rel}","templated":true}]}}