{"id":20962,"date":"2021-12-03T12:30:59","date_gmt":"2021-12-03T18:30:59","guid":{"rendered":"https:\/\/encuentroinformativo.com.mx\/?p=20962"},"modified":"2021-12-03T16:46:25","modified_gmt":"2021-12-03T22:46:25","slug":"con-carrera-promueven-inclusion-de-personas-con-discapacidad","status":"publish","type":"post","link":"https:\/\/encuentroinformativo.com.mx\/?p=20962","title":{"rendered":"Con carrera, promueven inclusi\u00f3n de personas con discapacidad"},"content":{"rendered":"\n<p><strong>Juan Arcos<\/strong> <\/p>\n\n\n\n<p>Xalapa, Ver.- En la ciudad de Xalapa se llev\u00f3 a cabo la primera \u201ccarrera a ciegas\u201d, con el objetivo de concientizar a la poblaci\u00f3n veracruzana sobre la discapacidad visual.<\/p>\n\n\n\n<p>Se realiz\u00f3 este 3 de diciembre, durante el D\u00eda Internacional de las Personas con Discapacidad, con la participaci\u00f3n de personas ciegas, as\u00ed como ciudadanas y ciudadanos que cubrieron sus ojos con un pa\u00f1uelo, como acto de empat\u00eda hacia dicho sector de la poblaci\u00f3n.<\/p>\n\n\n\n<p>Le gente se concentr\u00f3 al interior del Estadio Xalape\u00f1o \u201cHeriberto Jara Corona\u201d, ubicado en Lomas del Estadio de esta capital veracruzana.<\/p>\n\n\n\n<p>Los aficionados al atletismo, junto con deportistas de alto rendimiento, corrieron en un circuito de tres kil\u00f3metros hasta el Paseo de Los Lagos.<\/p>\n\n\n\n<p>El director general de Educaci\u00f3n F\u00edsica en Veracruz, Miguel \u00c1ngel Ochoa, record\u00f3 que el evento tiene la finalidad de fomentar la convivencia y promover la inclusi\u00f3n en el estado.<\/p>\n\n\n\n<p>\u201cSe organiza en el marco de la inclusi\u00f3n y en el marco de promover la paz, lo que necesitamos despu\u00e9s de esta pandemia es que todos como sociedad colaboremos un poco.<\/p>\n\n\n\n<p>Adem\u00e1s queremos reconocer a quienes a\u00fan en la distancia y con todas las vicisitudes que esta pandemia nos ha dejado\u201d, expres\u00f3.<\/p>\n\n\n\n<p>En la carrera estuvieron presentes personalidades del deporte, como el atleta y campe\u00f3n paral\u00edmpico Diego L\u00f3pez y la primera maestra de educaci\u00f3n f\u00edsica con discapacidad visual, X\u00f3chitl Romero.<\/p>\n","protected":false},"excerpt":{"rendered":"<p>Juan Arcos Xalapa, Ver.- En la ciudad de Xalapa se llev\u00f3 a cabo la primera \u201ccarrera a ciegas\u201d, con el objetivo de concientizar a la poblaci\u00f3n veracruzana sobre la discapacidad visual. Se realiz\u00f3 este 3 de diciembre, durante el D\u00eda Internacional de las Personas con Discapacidad, con la participaci\u00f3n de personas ciegas, as\u00ed como ciudadanas [&hellip;]<\/p>\n","protected":false},"author":1,"featured_media":20963,"comment_status":"open","ping_status":"open","sticky":false,"template":"","format":"standard","meta":{"_jetpack_memberships_contains_paid_content":false,"footnotes":""},"categories":[3],"tags":[],"class_list":["post-20962","post","type-post","status-publish","format-standard","has-post-thumbnail","hentry","category-xalapa"],"jetpack_featured_media_url":"https:\/\/encuentroinformativo.com.mx\/wp-content\/uploads\/2021\/12\/402E3CCD-9CC3-4A1D-963F-9B313FC1B5FF.jpeg","jetpack_sharing_enabled":true,"jetpack_likes_enabled":true,"amp_enabled":true,"_links":{"self":[{"href":"https:\/\/encuentroinformativo.com.mx\/index.php?rest_route=\/wp\/v2\/posts\/20962","targetHints":{"allow":["GET"]}}],"collection":[{"href":"https:\/\/encuentroinformativo.com.mx\/index.php?rest_route=\/wp\/v2\/posts"}],"about":[{"href":"https:\/\/encuentroinformativo.com.mx\/index.php?rest_route=\/wp\/v2\/types\/post"}],"author":[{"embeddable":true,"href":"https:\/\/encuentroinformativo.com.mx\/index.php?rest_route=\/wp\/v2\/users\/1"}],"replies":[{"embeddable":true,"href":"https:\/\/encuentroinformativo.com.mx\/index.php?rest_route=%2Fwp%2Fv2%2Fcomments&post=20962"}],"version-history":[{"count":1,"href":"https:\/\/encuentroinformativo.com.mx\/index.php?rest_route=\/wp\/v2\/posts\/20962\/revisions"}],"predecessor-version":[{"id":20964,"href":"https:\/\/encuentroinformativo.com.mx\/index.php?rest_route=\/wp\/v2\/posts\/20962\/revisions\/20964"}],"wp:featuredmedia":[{"embeddable":true,"href":"https:\/\/encuentroinformativo.com.mx\/index.php?rest_route=\/wp\/v2\/media\/20963"}],"wp:attachment":[{"href":"https:\/\/encuentroinformativo.com.mx\/index.php?rest_route=%2Fwp%2Fv2%2Fmedia&parent=20962"}],"wp:term":[{"taxonomy":"category","embeddable":true,"href":"https:\/\/encuentroinformativo.com.mx\/index.php?rest_route=%2Fwp%2Fv2%2Fcategories&post=20962"},{"taxonomy":"post_tag","embeddable":true,"href":"https:\/\/encuentroinformativo.com.mx\/index.php?rest_route=%2Fwp%2Fv2%2Ftags&post=20962"}],"curies":[{"name":"wp","href":"https:\/\/api.w.org\/{rel}","templated":true}]}}