{"id":20965,"date":"2021-12-03T16:57:32","date_gmt":"2021-12-03T22:57:32","guid":{"rendered":"https:\/\/encuentroinformativo.com.mx\/?p=20965"},"modified":"2021-12-03T16:57:38","modified_gmt":"2021-12-03T22:57:38","slug":"nos-olvidaron-los-libros-de-historia-antonio-rodriguez","status":"publish","type":"post","link":"https:\/\/encuentroinformativo.com.mx\/?p=20965","title":{"rendered":"Nos olvidaron los libros de historia: Antonio Rodr\u00edguez"},"content":{"rendered":"\n<p><strong>Dar\u00edo Pale <\/strong><\/p>\n\n\n\n<p>Xalapa, Ver.- El cronista Luis Antonio Rodr\u00edguez al hacer uso de la tribuna del Congreso del Estado dio a conocer que, se les olvid\u00f3 nombrarnos en los libros de historia, pero defendimos a la patria en todas las guerras.<\/p>\n\n\n\n<p>Despu\u00e9s de recibir la medalla &#8220;Adolfo Ruiz Cortines&#8221; lament\u00f3 que, &#8220;a los que quedaron arriba se les olvid\u00f3 nombrarnos en los libros de historia, resaltaron dos o tres acontecimientos aislados&#8221;.<\/p>\n\n\n\n<p>Subray\u00f3 que tambi\u00e9n se ocultaron sus contribuciones y se quiso decir que no existen a pesar de que est\u00e1n aqu\u00ed desde 1521, por lo que con gran emoci\u00f3n y con voz entrecortada, agradeci\u00f3 que la legislatura pasada haya reconocido a las comunidades afromexicanas, cualquiera que sea su autodenominaci\u00f3n como parte de la composici\u00f3n pluricultural del Estado y expres\u00f3: &#8220;Aqu\u00ed seguimos como veracruzanos a pesar de todo&#8221;.<\/p>\n\n\n\n<p>Pidi\u00f3 tambi\u00e9n a los actuales diputados saquen adelante la ley reglamentaria porque no son los pueblos los que deben de cambiar por las leyes, sino las leyes son las que deben resguardar todo lo que un pueblo tiene.<\/p>\n\n\n\n<p>&#8220;Hoy al recibir la medalla lo hago no por mi persona, sino por el nombre de todas las comunidades que nos juntamos en el 2012 para solicitar el reconocimiento constitucional que la senadora Susana Harp hizo posible en 2019 al reformar el art\u00edculo 2 de la Carta Magna, para reconocer a los pueblos afromexicanos&#8221;, expres\u00f3.<\/p>\n\n\n\n<p>En la tribuna m\u00e1s alta de Veracruz pas\u00f3 lista a Yanga, Coyolillo, Almolonga, Tamiahua, Mozomboa, Motzorongo, Cabo Verde, Mozambique, Jamapa, Lizamba, Mazoco, Mandinga, Mocambo, Matoza, Matamba, Agua Prieta, Las Pe\u00f1itas, El Corte, entre otros pueblos que guardan en el nombre la memoria ancestral que otros gobiernos nunca quisieron reconocer.<\/p>\n\n\n\n<p>El galardonado solicit\u00f3 a la actual comisi\u00f3n de Asuntos Ind\u00edgenas, se llame, en lo sucesivo, comisi\u00f3n de Asuntos Ind\u00edgenas y Afromexicanos, tambi\u00e9n, pidi\u00f3 a las comisiones de Derechos Humanos y Grupos Vulnerables, de Educaci\u00f3n y Cultura, as\u00ed como la de Asuntos Ind\u00edgenas de dicha soberan\u00eda; entregar una exposici\u00f3n de motivos que han venido trabajando las comunidades afrojarochas del Estado.<\/p>\n\n\n\n<p>Documento que seguramente servir\u00e1 para que los diputados presenten una iniciativa de ley que desarrolle el contenido constitucional en la materia y sea sometido a votaci\u00f3n, record\u00f3 c\u00f3mo es que los negros africanos llegaron a Am\u00e9rica Latina y a Veracruz, as\u00ed como la manera en que lograron su supervivencia.<\/p>\n\n\n\n<p>&#8220;En los llanos de Veracruz fue muy distinto, los espa\u00f1oles mandaron a comprar mulatas y se casaron con ellas para que los hijos cuidaran del ganado. Se volvieron jinetes expertos y por uso de la garrocha fueron llamados jarochos&#8221;, puntualiz\u00f3.<\/p>\n\n\n\n<p>Luego entonces fueron milicianos que defendieron a Veracruz de los ataques piratas, as\u00ed que a lomo de caballo surgieron los jarochos y las jarochas en los llanos sin cadena en el cuello ni grilletes en las manos.<\/p>\n\n\n\n<p>Record\u00f3 como los tatarabuelos defendieron a la patria en todas las guerras, peleando junto a Morelos, luchando junto a Victoria y cabalgando con Bravo.<\/p>\n\n\n\n<p>&#8220;Batallaron junto a Santa Ana contra los gringos, defendieron a Puebla contra Napole\u00f3n, lucharon por la tierra junto al coronel Tejada, pero a quienes quedaron arriba se les olvid\u00f3 nombrarnos en los libros de historia, resaltaron dos o tres acontecimientos aislados&#8221;, lament\u00f3.<\/p>\n\n\n\n<p>Tambi\u00e9n, se ocultaron sus contribuciones y se quiso decir que no existen a pesar de que est\u00e1n aqu\u00ed desde 1521.<\/p>\n\n\n\n<p>&#8220;Aqu\u00ed seguimos como veracruzanos a pesar de todo eso. Dando lo mejor de nosotros, a la ciencia, la cultura, la econom\u00eda, la pol\u00edtica y el arte de Veracruz y M\u00e9xico. Por nosotros, por los ind\u00edgenas y por las dem\u00e1s culturas de este mosaico mexicano, Veracruz tiene un aroma a ca\u00f1a y a caf\u00e9&#8221;, expres\u00f3.<\/p>\n\n\n\n<p>Veracruz, resalt\u00f3 Luis Antonio Rodr\u00edguez Pulido, sabe a mozambique y a yuruba, suena a paisajes sonoros de marimba, de maraca, de caj\u00f3n y de jarana, pues en eso cantan la rama, bailan la conga de el viejo, zapatean el huapango y el fandango, as\u00ed como elevan al cielo la fuerza infinita y poderosa del son jarocho.<\/p>\n\n\n\n<p>Finalmente dio a conocer que los veracruzanos a lo largo de todos estos siglos, seguimos comiendo mondongo, gandinga, chancletas, machuco, bol\u00edn, casamiento, cultivan la versada, la d\u00e9cima y la charanga<\/p>\n","protected":false},"excerpt":{"rendered":"<p>Dar\u00edo Pale Xalapa, Ver.- El cronista Luis Antonio Rodr\u00edguez al hacer uso de la tribuna del Congreso del Estado dio a conocer que, se les olvid\u00f3 nombrarnos en los libros de historia, pero defendimos a la patria en todas las guerras. Despu\u00e9s de recibir la medalla &#8220;Adolfo Ruiz Cortines&#8221; lament\u00f3 que, &#8220;a los que quedaron [&hellip;]<\/p>\n","protected":false},"author":1,"featured_media":20966,"comment_status":"open","ping_status":"open","sticky":false,"template":"","format":"standard","meta":{"_jetpack_memberships_contains_paid_content":false,"footnotes":""},"categories":[2],"tags":[],"class_list":["post-20965","post","type-post","status-publish","format-standard","has-post-thumbnail","hentry","category-estado"],"jetpack_featured_media_url":"https:\/\/encuentroinformativo.com.mx\/wp-content\/uploads\/2021\/12\/CA2F2017-D86D-4922-904E-AFFE4E758730.jpeg","jetpack_sharing_enabled":true,"jetpack_likes_enabled":true,"amp_enabled":true,"_links":{"self":[{"href":"https:\/\/encuentroinformativo.com.mx\/index.php?rest_route=\/wp\/v2\/posts\/20965","targetHints":{"allow":["GET"]}}],"collection":[{"href":"https:\/\/encuentroinformativo.com.mx\/index.php?rest_route=\/wp\/v2\/posts"}],"about":[{"href":"https:\/\/encuentroinformativo.com.mx\/index.php?rest_route=\/wp\/v2\/types\/post"}],"author":[{"embeddable":true,"href":"https:\/\/encuentroinformativo.com.mx\/index.php?rest_route=\/wp\/v2\/users\/1"}],"replies":[{"embeddable":true,"href":"https:\/\/encuentroinformativo.com.mx\/index.php?rest_route=%2Fwp%2Fv2%2Fcomments&post=20965"}],"version-history":[{"count":1,"href":"https:\/\/encuentroinformativo.com.mx\/index.php?rest_route=\/wp\/v2\/posts\/20965\/revisions"}],"predecessor-version":[{"id":20967,"href":"https:\/\/encuentroinformativo.com.mx\/index.php?rest_route=\/wp\/v2\/posts\/20965\/revisions\/20967"}],"wp:featuredmedia":[{"embeddable":true,"href":"https:\/\/encuentroinformativo.com.mx\/index.php?rest_route=\/wp\/v2\/media\/20966"}],"wp:attachment":[{"href":"https:\/\/encuentroinformativo.com.mx\/index.php?rest_route=%2Fwp%2Fv2%2Fmedia&parent=20965"}],"wp:term":[{"taxonomy":"category","embeddable":true,"href":"https:\/\/encuentroinformativo.com.mx\/index.php?rest_route=%2Fwp%2Fv2%2Fcategories&post=20965"},{"taxonomy":"post_tag","embeddable":true,"href":"https:\/\/encuentroinformativo.com.mx\/index.php?rest_route=%2Fwp%2Fv2%2Ftags&post=20965"}],"curies":[{"name":"wp","href":"https:\/\/api.w.org\/{rel}","templated":true}]}}