{"id":20968,"date":"2021-12-03T17:10:14","date_gmt":"2021-12-03T23:10:14","guid":{"rendered":"https:\/\/encuentroinformativo.com.mx\/?p=20968"},"modified":"2021-12-03T17:10:18","modified_gmt":"2021-12-03T23:10:18","slug":"se-deslinda-cazarin-de-alcalde-morenista-detenido-por-secuestro","status":"publish","type":"post","link":"https:\/\/encuentroinformativo.com.mx\/?p=20968","title":{"rendered":"Se deslinda Cazar\u00edn de alcalde morenista detenido por secuestro"},"content":{"rendered":"\n<p><strong>Dar\u00edo Pale <\/strong><\/p>\n\n\n\n<p>Xalapa, Ver.- \u201cNo soy fiscal ni polic\u00eda y no soy socio de nadie, de ning\u00fan negocio\u201d, afirm\u00f3 de manera enf\u00e1tica el presidente de la Junta de Coordinaci\u00f3n Pol\u00edtica del Congreso del Estado, Juan Javier G\u00f3mez Cazar\u00edn.<\/p>\n\n\n\n<p>Afirm\u00f3 que no es socio del alcalde electo de Lerdo de Tejada, Jorge Fabi\u00e1n &#8220;N&#8221;, detenido por el presunto delito de secuestro agravado.<\/p>\n\n\n\n<p>En entrevista posterior a la entrega de la medalla &#8220;Adolfo Ruiz Cortines&#8221;, se\u00f1al\u00f3 que durante el proceso electoral pasado solicit\u00f3 licencia al cargo para acompa\u00f1ar a los candidatos en los 212 municipios.<\/p>\n\n\n\n<p>Adem\u00e1s, justific\u00f3 que cualquiera que se le acerque a pedirle su apoyo para buscar el beneficio de los veracruzanos, lo seguir\u00e1 haciendo, &#8220;lo que s\u00ed te puedo decir es que no soy fiscal ni soy polic\u00eda y no soy socio de nadie, de ning\u00fan negocio&#8221;.<\/p>\n\n\n\n<p>Cuestionado si particip\u00f3 en la compra del ingenio &#8220;San Francisco El Naranjal&#8221; que habr\u00eda hecho el ahora imputado junto con un socio; G\u00f3mez Cazar\u00edn dijo que debe existir un contrato notarial, por lo tanto le toca investigar a la Fiscal\u00eda General del Estado.<\/p>\n\n\n\n<p>\u201cLes puedo decir que fui aliado de 212 candidatos, que no soy polic\u00eda ni soy fiscal&#8221;, se\u00f1al\u00f3.<\/p>\n\n\n\n<p>Finalmente, dijo que ahora es diputado y que se dedica a trabajar.<\/p>\n","protected":false},"excerpt":{"rendered":"<p>Dar\u00edo Pale Xalapa, Ver.- \u201cNo soy fiscal ni polic\u00eda y no soy socio de nadie, de ning\u00fan negocio\u201d, afirm\u00f3 de manera enf\u00e1tica el presidente de la Junta de Coordinaci\u00f3n Pol\u00edtica del Congreso del Estado, Juan Javier G\u00f3mez Cazar\u00edn. Afirm\u00f3 que no es socio del alcalde electo de Lerdo de Tejada, Jorge Fabi\u00e1n &#8220;N&#8221;, detenido por [&hellip;]<\/p>\n","protected":false},"author":1,"featured_media":20969,"comment_status":"open","ping_status":"open","sticky":false,"template":"","format":"standard","meta":{"_jetpack_memberships_contains_paid_content":false,"footnotes":""},"categories":[3],"tags":[],"class_list":["post-20968","post","type-post","status-publish","format-standard","has-post-thumbnail","hentry","category-xalapa"],"jetpack_featured_media_url":"https:\/\/encuentroinformativo.com.mx\/wp-content\/uploads\/2021\/12\/0B136DE8-33FA-4B14-95AB-DD5F629480D9.jpeg","jetpack_sharing_enabled":true,"jetpack_likes_enabled":true,"amp_enabled":true,"_links":{"self":[{"href":"https:\/\/encuentroinformativo.com.mx\/index.php?rest_route=\/wp\/v2\/posts\/20968","targetHints":{"allow":["GET"]}}],"collection":[{"href":"https:\/\/encuentroinformativo.com.mx\/index.php?rest_route=\/wp\/v2\/posts"}],"about":[{"href":"https:\/\/encuentroinformativo.com.mx\/index.php?rest_route=\/wp\/v2\/types\/post"}],"author":[{"embeddable":true,"href":"https:\/\/encuentroinformativo.com.mx\/index.php?rest_route=\/wp\/v2\/users\/1"}],"replies":[{"embeddable":true,"href":"https:\/\/encuentroinformativo.com.mx\/index.php?rest_route=%2Fwp%2Fv2%2Fcomments&post=20968"}],"version-history":[{"count":1,"href":"https:\/\/encuentroinformativo.com.mx\/index.php?rest_route=\/wp\/v2\/posts\/20968\/revisions"}],"predecessor-version":[{"id":20970,"href":"https:\/\/encuentroinformativo.com.mx\/index.php?rest_route=\/wp\/v2\/posts\/20968\/revisions\/20970"}],"wp:featuredmedia":[{"embeddable":true,"href":"https:\/\/encuentroinformativo.com.mx\/index.php?rest_route=\/wp\/v2\/media\/20969"}],"wp:attachment":[{"href":"https:\/\/encuentroinformativo.com.mx\/index.php?rest_route=%2Fwp%2Fv2%2Fmedia&parent=20968"}],"wp:term":[{"taxonomy":"category","embeddable":true,"href":"https:\/\/encuentroinformativo.com.mx\/index.php?rest_route=%2Fwp%2Fv2%2Fcategories&post=20968"},{"taxonomy":"post_tag","embeddable":true,"href":"https:\/\/encuentroinformativo.com.mx\/index.php?rest_route=%2Fwp%2Fv2%2Ftags&post=20968"}],"curies":[{"name":"wp","href":"https:\/\/api.w.org\/{rel}","templated":true}]}}