{"id":20975,"date":"2021-12-04T13:43:05","date_gmt":"2021-12-04T19:43:05","guid":{"rendered":"https:\/\/encuentroinformativo.com.mx\/?p=20975"},"modified":"2021-12-04T16:41:16","modified_gmt":"2021-12-04T22:41:16","slug":"faltan-mejores-accesos-para-personas-con-discapacidad-piden-homologar-leyes","status":"publish","type":"post","link":"https:\/\/encuentroinformativo.com.mx\/?p=20975","title":{"rendered":"Faltan mejores accesos para personas con discapacidad; piden homologar leyes"},"content":{"rendered":"\n<p><strong>Dar\u00edo Pale<\/strong><\/p>\n\n\n\n<p>Xalapa, Ver.- Con la finalidad de visibilizar a la poblaci\u00f3n de las necesidades que tienen las personas con diferentes discapacidades y para que se implementen pol\u00edticas p\u00fablicas para facilitar su vida cotidiana se realiz\u00f3 el primer Recorrido Internacional de Visibilizaci\u00f3n de las Personas con &nbsp;Discapacidad en la capital del Estado.<\/p>\n\n\n\n<p>Entrevistado previo a la caminata Pepe Acosta, uno de los participantes adelant\u00f3 que buscar\u00e1n acercarse con los diputados locales y federales con la intenci\u00f3n de que se homologuen las leyes locales, con el documento que se emiti\u00f3 en 2007, respecto de los derechos de las personas con discapacidad, ya que ninguna autoridad ha cumplido con la parte que les corresponde.<\/p>\n\n\n\n<p>Dio a conocer que todos los d\u00edas se enfrentan a la falta de acceso a las escuelas, al trabajo, a los servicios p\u00fablicos y el entorno urbano no est\u00e1 dise\u00f1ado para su inclusi\u00f3n a la sociedad.<\/p>\n\n\n\n<p>De acuerdo con el Censo de Poblaci\u00f3n y Vivienda 2020, en M\u00e9xico hay 6,179,890 personas con alg\u00fan tipo de discapacidad, lo que representa 4.9 % de la poblaci\u00f3n total del pa\u00eds. De ellas 53 % son mujeres y 47 % son hombres.<\/p>\n\n\n\n<p>El 48 por ciento de las personas tienen dificultad para caminar, subir o bajar; el 44 por ciento tiene problemas visuales; el 22 por ciento no escucha o requiere de aparato auditivo; el 19 por ciento no puede ba\u00f1arse, vestir o comer; el 19 por ciento tiene problema para recordar o concentrarse y 15 por ciento tiene dificultades del habla o para comunicarse.<\/p>\n\n\n\n<p>Por \u00faltimo cabe se\u00f1alar que el Movimiento de Personas con Discapacitad organiz\u00f3 un movimiento nacional este s\u00e1bado con motivo del D\u00eda Internacional de Discapacidad, por el que se realiz\u00f3 la marcha por las principales calles del centro de Xalapa y se realiz\u00f3 un evento cultural en el Parque Ju\u00e1rez.<\/p>\n\n\n\n<figure class=\"wp-block-image size-large\"><img loading=\"lazy\" decoding=\"async\" width=\"1024\" height=\"682\" src=\"https:\/\/encuentroinformativo.com.mx\/wp-content\/uploads\/2021\/12\/A8F19269-D984-482D-86AB-2EB37DAAEDD2-1024x682.jpeg\" alt=\"\" class=\"wp-image-20992\" srcset=\"https:\/\/encuentroinformativo.com.mx\/wp-content\/uploads\/2021\/12\/A8F19269-D984-482D-86AB-2EB37DAAEDD2-1024x682.jpeg 1024w, https:\/\/encuentroinformativo.com.mx\/wp-content\/uploads\/2021\/12\/A8F19269-D984-482D-86AB-2EB37DAAEDD2-300x200.jpeg 300w, https:\/\/encuentroinformativo.com.mx\/wp-content\/uploads\/2021\/12\/A8F19269-D984-482D-86AB-2EB37DAAEDD2-768x512.jpeg 768w, https:\/\/encuentroinformativo.com.mx\/wp-content\/uploads\/2021\/12\/A8F19269-D984-482D-86AB-2EB37DAAEDD2.jpeg 1280w\" sizes=\"auto, (max-width: 1024px) 100vw, 1024px\" \/><\/figure>\n","protected":false},"excerpt":{"rendered":"<p>Dar\u00edo Pale Xalapa, Ver.- Con la finalidad de visibilizar a la poblaci\u00f3n de las necesidades que tienen las personas con diferentes discapacidades y para que se implementen pol\u00edticas p\u00fablicas para facilitar su vida cotidiana se realiz\u00f3 el primer Recorrido Internacional de Visibilizaci\u00f3n de las Personas con &nbsp;Discapacidad en la capital del Estado. Entrevistado previo a [&hellip;]<\/p>\n","protected":false},"author":1,"featured_media":20976,"comment_status":"open","ping_status":"open","sticky":false,"template":"","format":"standard","meta":{"_jetpack_memberships_contains_paid_content":false,"footnotes":""},"categories":[3],"tags":[],"class_list":["post-20975","post","type-post","status-publish","format-standard","has-post-thumbnail","hentry","category-xalapa"],"jetpack_featured_media_url":"https:\/\/encuentroinformativo.com.mx\/wp-content\/uploads\/2021\/12\/A79B1C96-A2C6-401B-AAFA-A5A8665A8B35.jpeg","jetpack_sharing_enabled":true,"jetpack_likes_enabled":true,"amp_enabled":true,"_links":{"self":[{"href":"https:\/\/encuentroinformativo.com.mx\/index.php?rest_route=\/wp\/v2\/posts\/20975","targetHints":{"allow":["GET"]}}],"collection":[{"href":"https:\/\/encuentroinformativo.com.mx\/index.php?rest_route=\/wp\/v2\/posts"}],"about":[{"href":"https:\/\/encuentroinformativo.com.mx\/index.php?rest_route=\/wp\/v2\/types\/post"}],"author":[{"embeddable":true,"href":"https:\/\/encuentroinformativo.com.mx\/index.php?rest_route=\/wp\/v2\/users\/1"}],"replies":[{"embeddable":true,"href":"https:\/\/encuentroinformativo.com.mx\/index.php?rest_route=%2Fwp%2Fv2%2Fcomments&post=20975"}],"version-history":[{"count":2,"href":"https:\/\/encuentroinformativo.com.mx\/index.php?rest_route=\/wp\/v2\/posts\/20975\/revisions"}],"predecessor-version":[{"id":20993,"href":"https:\/\/encuentroinformativo.com.mx\/index.php?rest_route=\/wp\/v2\/posts\/20975\/revisions\/20993"}],"wp:featuredmedia":[{"embeddable":true,"href":"https:\/\/encuentroinformativo.com.mx\/index.php?rest_route=\/wp\/v2\/media\/20976"}],"wp:attachment":[{"href":"https:\/\/encuentroinformativo.com.mx\/index.php?rest_route=%2Fwp%2Fv2%2Fmedia&parent=20975"}],"wp:term":[{"taxonomy":"category","embeddable":true,"href":"https:\/\/encuentroinformativo.com.mx\/index.php?rest_route=%2Fwp%2Fv2%2Fcategories&post=20975"},{"taxonomy":"post_tag","embeddable":true,"href":"https:\/\/encuentroinformativo.com.mx\/index.php?rest_route=%2Fwp%2Fv2%2Ftags&post=20975"}],"curies":[{"name":"wp","href":"https:\/\/api.w.org\/{rel}","templated":true}]}}