{"id":20985,"date":"2021-12-04T12:33:18","date_gmt":"2021-12-04T18:33:18","guid":{"rendered":"https:\/\/encuentroinformativo.com.mx\/?p=20985"},"modified":"2021-12-04T16:41:50","modified_gmt":"2021-12-04T22:41:50","slug":"defienden-estudiantes-trabajo-del-cide","status":"publish","type":"post","link":"https:\/\/encuentroinformativo.com.mx\/?p=20985","title":{"rendered":"Defienden estudiantes trabajo del CIDE"},"content":{"rendered":"\n<p><strong>Dar\u00edo Pale<\/strong> <\/p>\n\n\n\n<p>Xalapa, Ver.- Estudiantes del Centro de Investigaci\u00f3n y Docencia Econ\u00f3mica (CIDE), se manifestaron en las escalinatas de la catedral Metopolitana para solicitar la remoci\u00f3n del director interino Jos\u00e9 Antonio Romero Tellaeche que quieren imponer como director general de manera ilegal e ileg\u00edtima.<\/p>\n\n\n\n<p>Entrevistado durante la manifestaci\u00f3n Le\u00f3n Heitler estudiante de la licenciatura en ciencias pol\u00edticas y relaciones internacionales del CIDE, coment\u00f3 que est\u00e1n defendiendo a la instituci\u00f3n y a la educaci\u00f3n p\u00fablica as\u00ed como la ciencia libre ya que el instituto est\u00e1 bajo ataque debido a que les impusieron un directo interino y lo quieren poner de director general de manera ileg\u00edtima e ilegal, no obstante que es ajeno a la comunidad.<\/p>\n\n\n\n<p>&#8220;Era ajeno a la comunidad empez\u00f3 a insultar la capacidad de cr\u00edtica, el trabajo que llevamos a cabo todos lo d\u00edas estudiantes, investigadores, del CIDE conjuntamente el CIDE es una universidad p\u00fablica que lleva 47 a\u00f1os de historia y que nunca hab\u00eda hecho manifestaciones de este tipo y que ha trabajado arduamente para investigar los problemas del pa\u00eds, del CIDE sali\u00f3 el programa nacional anticorrupci\u00f3n, del CIDE es de donde salen las investigaciones de la guerra cristera&#8221;, se\u00f1al\u00f3.<\/p>\n\n\n\n<p>Coment\u00f3 que es un centro de investigaci\u00f3n que ha incomodado a las autoridades desde que existe y es un centro de investigaci\u00f3n que siempre hab\u00eda tenido libertad de investigaci\u00f3n y de c\u00e1tedra que hoy est\u00e1 bajo ataque.<\/p>\n\n\n\n<p>Acus\u00f3 al director ya que les dijo que son &#8220;esponjas&#8221; que solo repet\u00edan lo que le dec\u00edan los profesores y que el movimiento tiene intereses pol\u00edticos y econ\u00f3micos detr\u00e1s de ello lo cual es una calumnia ya que es una movilizaci\u00f3n estudiantil aut\u00f3noma y critica como las que hay en otras universidades del pa\u00eds.<\/p>\n\n\n\n<p>Finalmente se\u00f1al\u00f3 que no los quieren escuchar y respetar, que es lo que est\u00e1n solicitando, pero no han querido ni siquiera recibirles el pliego petitorio, no han querido firmarles una carta de no represalia a los estudiantes y profesores que participan en la movilizaci\u00f3n ya que no est\u00e1n en contra de un gobierno.<\/p>\n\n\n\n<figure class=\"wp-block-image size-large\"><img loading=\"lazy\" decoding=\"async\" width=\"1024\" height=\"718\" src=\"https:\/\/encuentroinformativo.com.mx\/wp-content\/uploads\/2021\/12\/0DF12AE1-8CB6-4A72-9E6C-0A95ED90A30B-1024x718.jpeg\" alt=\"\" class=\"wp-image-20987\" srcset=\"https:\/\/encuentroinformativo.com.mx\/wp-content\/uploads\/2021\/12\/0DF12AE1-8CB6-4A72-9E6C-0A95ED90A30B-1024x718.jpeg 1024w, https:\/\/encuentroinformativo.com.mx\/wp-content\/uploads\/2021\/12\/0DF12AE1-8CB6-4A72-9E6C-0A95ED90A30B-300x210.jpeg 300w, https:\/\/encuentroinformativo.com.mx\/wp-content\/uploads\/2021\/12\/0DF12AE1-8CB6-4A72-9E6C-0A95ED90A30B-768x538.jpeg 768w, https:\/\/encuentroinformativo.com.mx\/wp-content\/uploads\/2021\/12\/0DF12AE1-8CB6-4A72-9E6C-0A95ED90A30B.jpeg 1315w\" sizes=\"auto, (max-width: 1024px) 100vw, 1024px\" \/><\/figure>\n","protected":false},"excerpt":{"rendered":"<p>Dar\u00edo Pale Xalapa, Ver.- Estudiantes del Centro de Investigaci\u00f3n y Docencia Econ\u00f3mica (CIDE), se manifestaron en las escalinatas de la catedral Metopolitana para solicitar la remoci\u00f3n del director interino Jos\u00e9 Antonio Romero Tellaeche que quieren imponer como director general de manera ilegal e ileg\u00edtima. Entrevistado durante la manifestaci\u00f3n Le\u00f3n Heitler estudiante de la licenciatura en [&hellip;]<\/p>\n","protected":false},"author":1,"featured_media":20986,"comment_status":"open","ping_status":"open","sticky":false,"template":"","format":"standard","meta":{"_jetpack_memberships_contains_paid_content":false,"footnotes":""},"categories":[3],"tags":[],"class_list":["post-20985","post","type-post","status-publish","format-standard","has-post-thumbnail","hentry","category-xalapa"],"jetpack_featured_media_url":"https:\/\/encuentroinformativo.com.mx\/wp-content\/uploads\/2021\/12\/061B45B5-C3B9-4051-A4F3-7796D478D70F.jpeg","jetpack_sharing_enabled":true,"jetpack_likes_enabled":true,"amp_enabled":true,"_links":{"self":[{"href":"https:\/\/encuentroinformativo.com.mx\/index.php?rest_route=\/wp\/v2\/posts\/20985","targetHints":{"allow":["GET"]}}],"collection":[{"href":"https:\/\/encuentroinformativo.com.mx\/index.php?rest_route=\/wp\/v2\/posts"}],"about":[{"href":"https:\/\/encuentroinformativo.com.mx\/index.php?rest_route=\/wp\/v2\/types\/post"}],"author":[{"embeddable":true,"href":"https:\/\/encuentroinformativo.com.mx\/index.php?rest_route=\/wp\/v2\/users\/1"}],"replies":[{"embeddable":true,"href":"https:\/\/encuentroinformativo.com.mx\/index.php?rest_route=%2Fwp%2Fv2%2Fcomments&post=20985"}],"version-history":[{"count":1,"href":"https:\/\/encuentroinformativo.com.mx\/index.php?rest_route=\/wp\/v2\/posts\/20985\/revisions"}],"predecessor-version":[{"id":20988,"href":"https:\/\/encuentroinformativo.com.mx\/index.php?rest_route=\/wp\/v2\/posts\/20985\/revisions\/20988"}],"wp:featuredmedia":[{"embeddable":true,"href":"https:\/\/encuentroinformativo.com.mx\/index.php?rest_route=\/wp\/v2\/media\/20986"}],"wp:attachment":[{"href":"https:\/\/encuentroinformativo.com.mx\/index.php?rest_route=%2Fwp%2Fv2%2Fmedia&parent=20985"}],"wp:term":[{"taxonomy":"category","embeddable":true,"href":"https:\/\/encuentroinformativo.com.mx\/index.php?rest_route=%2Fwp%2Fv2%2Fcategories&post=20985"},{"taxonomy":"post_tag","embeddable":true,"href":"https:\/\/encuentroinformativo.com.mx\/index.php?rest_route=%2Fwp%2Fv2%2Ftags&post=20985"}],"curies":[{"name":"wp","href":"https:\/\/api.w.org\/{rel}","templated":true}]}}