{"id":20989,"date":"2021-12-04T16:40:14","date_gmt":"2021-12-04T22:40:14","guid":{"rendered":"https:\/\/encuentroinformativo.com.mx\/?p=20989"},"modified":"2021-12-04T16:40:18","modified_gmt":"2021-12-04T22:40:18","slug":"habra-consultas-sobre-mineras-en-alto-lucero-afirma-alcalde-electo","status":"publish","type":"post","link":"https:\/\/encuentroinformativo.com.mx\/?p=20989","title":{"rendered":"Habr\u00e1 consultas sobre mineras en Alto Lucero; afirma alcalde electo"},"content":{"rendered":"\n<p><strong>Dar\u00edo Pale<\/strong><\/p>\n\n\n\n<p>Xalapa, Ver.- El presidente municipal electo de Alto Lucero, Vicente Aguilar Castillo dio a conocer que la situaci\u00f3n de la minera ser\u00e1 decisi\u00f3n del pueblo si se queda o se quita para lo cual realizar\u00e1n una consulta bien informada.<\/p>\n\n\n\n<p>Entrevistado posterior a una reuni\u00f3n con alcaldes electos se\u00f1al\u00f3 que el 31 de diciembre tomar\u00e1 protesta y el d\u00eda primero de enero har\u00e1n la entrega-recepci\u00f3n donde la poblaci\u00f3n espera mucho de ellos por lo que han avanzado en la planificaci\u00f3n y gesti\u00f3n para poder ganarle el tiempo a muchas cosas que se vienen para el municipio.<\/p>\n\n\n\n<p>Coment\u00f3 que la ciudadan\u00eda tiene fe de que van a hacer cosas importantes por lo que en el caso de las mineras se pronunci\u00f3 que se har\u00e1 lo que el pueblo decida, ya que la minera est\u00e1 entre la zona de cierra y la Costa de Alto Lucero, tiene que escuchar el caso pero tambi\u00e9n a los pueblos cercanos a la minera para ver que es lo que quieren.<\/p>\n\n\n\n<p>Por lo anterior se promover\u00eda una consulta informada donde se\u00f1ale todos los perjuicios o beneficios que se puedan obtener en la costa.<\/p>\n\n\n\n<p>En cuanto al documento que hay en contra de la minera desde hace tres a\u00f1os, reiter\u00f3 que la poblaci\u00f3n decidir\u00e1 &#8220;yo soy un representante de ellos si ellos me pusieron es para representarlos no soy quien tenga que decidir algo que el pueblo a final de cuentas se va a beneficiar de ello o va a ver un juicio sobre ello&#8221;.<\/p>\n\n\n\n<p>En otro orden de ideas se\u00f1al\u00f3 que el eje principal de su administraci\u00f3n ser\u00e1 que tienen que ser austeros y tienen que ahorrar al igual que proteger a los que menos tienen, se\u00f1al\u00f3 que Alto Lucero es un municipio con una extensi\u00f3n territorial muy grande ya que tiene costa, monta\u00f1a, donde hay muchas cosas por hacer.<\/p>\n\n\n\n<p>Finalmente se\u00f1al\u00f3 que han existido alcaldes muy corruptos, lo cual los ha retrocedido casi 20 a\u00f1os, por lo que tienen que hacer muchas obras, gestiones, y no hay recurso que alcance, eso s\u00ed hacen un gobierno austero y con mucha gesti\u00f3n pueden sacar al municipio del rezago que tiene, ya que nada ni nadie estar\u00e1 por encima de la ley.<\/p>\n","protected":false},"excerpt":{"rendered":"<p>Dar\u00edo Pale Xalapa, Ver.- El presidente municipal electo de Alto Lucero, Vicente Aguilar Castillo dio a conocer que la situaci\u00f3n de la minera ser\u00e1 decisi\u00f3n del pueblo si se queda o se quita para lo cual realizar\u00e1n una consulta bien informada. Entrevistado posterior a una reuni\u00f3n con alcaldes electos se\u00f1al\u00f3 que el 31 de diciembre [&hellip;]<\/p>\n","protected":false},"author":1,"featured_media":20990,"comment_status":"open","ping_status":"open","sticky":false,"template":"","format":"standard","meta":{"_jetpack_memberships_contains_paid_content":false,"footnotes":""},"categories":[8],"tags":[],"class_list":["post-20989","post","type-post","status-publish","format-standard","has-post-thumbnail","hentry","category-region"],"jetpack_featured_media_url":"https:\/\/encuentroinformativo.com.mx\/wp-content\/uploads\/2021\/12\/652A3D5A-5D7A-4B73-8D0B-D6D5CD28BE5E.jpeg","jetpack_sharing_enabled":true,"jetpack_likes_enabled":true,"amp_enabled":true,"_links":{"self":[{"href":"https:\/\/encuentroinformativo.com.mx\/index.php?rest_route=\/wp\/v2\/posts\/20989","targetHints":{"allow":["GET"]}}],"collection":[{"href":"https:\/\/encuentroinformativo.com.mx\/index.php?rest_route=\/wp\/v2\/posts"}],"about":[{"href":"https:\/\/encuentroinformativo.com.mx\/index.php?rest_route=\/wp\/v2\/types\/post"}],"author":[{"embeddable":true,"href":"https:\/\/encuentroinformativo.com.mx\/index.php?rest_route=\/wp\/v2\/users\/1"}],"replies":[{"embeddable":true,"href":"https:\/\/encuentroinformativo.com.mx\/index.php?rest_route=%2Fwp%2Fv2%2Fcomments&post=20989"}],"version-history":[{"count":1,"href":"https:\/\/encuentroinformativo.com.mx\/index.php?rest_route=\/wp\/v2\/posts\/20989\/revisions"}],"predecessor-version":[{"id":20991,"href":"https:\/\/encuentroinformativo.com.mx\/index.php?rest_route=\/wp\/v2\/posts\/20989\/revisions\/20991"}],"wp:featuredmedia":[{"embeddable":true,"href":"https:\/\/encuentroinformativo.com.mx\/index.php?rest_route=\/wp\/v2\/media\/20990"}],"wp:attachment":[{"href":"https:\/\/encuentroinformativo.com.mx\/index.php?rest_route=%2Fwp%2Fv2%2Fmedia&parent=20989"}],"wp:term":[{"taxonomy":"category","embeddable":true,"href":"https:\/\/encuentroinformativo.com.mx\/index.php?rest_route=%2Fwp%2Fv2%2Fcategories&post=20989"},{"taxonomy":"post_tag","embeddable":true,"href":"https:\/\/encuentroinformativo.com.mx\/index.php?rest_route=%2Fwp%2Fv2%2Ftags&post=20989"}],"curies":[{"name":"wp","href":"https:\/\/api.w.org\/{rel}","templated":true}]}}