{"id":20997,"date":"2021-12-05T11:15:22","date_gmt":"2021-12-05T17:15:22","guid":{"rendered":"https:\/\/encuentroinformativo.com.mx\/?p=20997"},"modified":"2021-12-05T11:15:26","modified_gmt":"2021-12-05T17:15:26","slug":"registra-veracruz-19-crimenes-de-odio","status":"publish","type":"post","link":"https:\/\/encuentroinformativo.com.mx\/?p=20997","title":{"rendered":"Registra Veracruz 19 cr\u00edmenes de odio"},"content":{"rendered":"\n<p><strong>Juan Arcos<\/strong><\/p>\n\n\n\n<p>Xalapa, Ver.- El estado de Veracruz inicia el mes de diciembre con un acumulado de 19 cr\u00edmenes de odio por homofobia y transfobia registrados durante este a\u00f1o.<\/p>\n\n\n\n<p>De acuerdo con el presidente de la Coalici\u00f3n Estatal de la Diversidad Sexual, Benjam\u00edn Callejas Hern\u00e1ndez, el problema ha ido en aumento durante los \u00faltimos meses, debido al discurso de odio que prevalece en la sociedad.<\/p>\n\n\n\n<p>\u201cEs un asunto cultural, hay varios sectores que influyen a que esto suceda. Siempre hemos comentado que se tienen que dar los cambios de fondo y no de forma\u201d, expres\u00f3 el activista.<\/p>\n\n\n\n<p>El crimen de odio m\u00e1s reciente ocurri\u00f3 el pasado 21 de noviembre en el municipio de Uxpanapa, al sur de la entidad veracruzana, en agravio de Ceci de la Rosa, mejor conocida como \u201cmam\u00e1 Osa\u201d.<\/p>\n\n\n\n<p>La mujer transexual era propietaria del bar llamado \u201cLas Potras\u201d, ubicado en el Poblado 10; hasta el momento se desconocen las causas del atentado en su contra.<\/p>\n\n\n\n<p>\u201cEs el crimen de odio por homofobia n\u00famero 19, Veracruz sigue encabezando estas estad\u00edsticas\u201d, a\u00f1adi\u00f3 Benjam\u00edn Callejas.<br>A\u00f1adi\u00f3 que es necesaria la creaci\u00f3n del Consejo Estatal contra la Discriminaci\u00f3n, para poner a trabajar, de manera arm\u00f3nica, a toda la estructura gubernamental y as\u00ed solucionar el problema de fondo.<\/p>\n\n\n\n<p>En ese sentido, celebr\u00f3 la voluntad pol\u00edtica del diputado local del Partido del Trabajo, Ram\u00f3n D\u00edaz \u00c1vila, para presentar una iniciativa y promover la creaci\u00f3n de la Fiscal\u00eda Especializada para la Atenci\u00f3n de Cr\u00edmenes de Odio por Homofobia.<\/p>\n\n\n\n<p>\u201cEs una iniciativa ciudadana, una iniciativa que sale de los colectivos, derivado principalmente de las estad\u00edsticas, que son preocupantes y alarmantes\u201d, remat\u00f3.<\/p>\n","protected":false},"excerpt":{"rendered":"<p>Juan Arcos Xalapa, Ver.- El estado de Veracruz inicia el mes de diciembre con un acumulado de 19 cr\u00edmenes de odio por homofobia y transfobia registrados durante este a\u00f1o. De acuerdo con el presidente de la Coalici\u00f3n Estatal de la Diversidad Sexual, Benjam\u00edn Callejas Hern\u00e1ndez, el problema ha ido en aumento durante los \u00faltimos meses, [&hellip;]<\/p>\n","protected":false},"author":1,"featured_media":20998,"comment_status":"open","ping_status":"open","sticky":false,"template":"","format":"standard","meta":{"_jetpack_memberships_contains_paid_content":false,"footnotes":""},"categories":[2],"tags":[],"class_list":["post-20997","post","type-post","status-publish","format-standard","has-post-thumbnail","hentry","category-estado"],"jetpack_featured_media_url":"https:\/\/encuentroinformativo.com.mx\/wp-content\/uploads\/2021\/12\/3BE897C5-6CAC-4C3A-BBF6-00FDC8931108.jpeg","jetpack_sharing_enabled":true,"jetpack_likes_enabled":true,"amp_enabled":true,"_links":{"self":[{"href":"https:\/\/encuentroinformativo.com.mx\/index.php?rest_route=\/wp\/v2\/posts\/20997","targetHints":{"allow":["GET"]}}],"collection":[{"href":"https:\/\/encuentroinformativo.com.mx\/index.php?rest_route=\/wp\/v2\/posts"}],"about":[{"href":"https:\/\/encuentroinformativo.com.mx\/index.php?rest_route=\/wp\/v2\/types\/post"}],"author":[{"embeddable":true,"href":"https:\/\/encuentroinformativo.com.mx\/index.php?rest_route=\/wp\/v2\/users\/1"}],"replies":[{"embeddable":true,"href":"https:\/\/encuentroinformativo.com.mx\/index.php?rest_route=%2Fwp%2Fv2%2Fcomments&post=20997"}],"version-history":[{"count":1,"href":"https:\/\/encuentroinformativo.com.mx\/index.php?rest_route=\/wp\/v2\/posts\/20997\/revisions"}],"predecessor-version":[{"id":20999,"href":"https:\/\/encuentroinformativo.com.mx\/index.php?rest_route=\/wp\/v2\/posts\/20997\/revisions\/20999"}],"wp:featuredmedia":[{"embeddable":true,"href":"https:\/\/encuentroinformativo.com.mx\/index.php?rest_route=\/wp\/v2\/media\/20998"}],"wp:attachment":[{"href":"https:\/\/encuentroinformativo.com.mx\/index.php?rest_route=%2Fwp%2Fv2%2Fmedia&parent=20997"}],"wp:term":[{"taxonomy":"category","embeddable":true,"href":"https:\/\/encuentroinformativo.com.mx\/index.php?rest_route=%2Fwp%2Fv2%2Fcategories&post=20997"},{"taxonomy":"post_tag","embeddable":true,"href":"https:\/\/encuentroinformativo.com.mx\/index.php?rest_route=%2Fwp%2Fv2%2Ftags&post=20997"}],"curies":[{"name":"wp","href":"https:\/\/api.w.org\/{rel}","templated":true}]}}