{"id":210,"date":"2020-02-28T10:15:01","date_gmt":"2020-02-28T10:15:01","guid":{"rendered":"https:\/\/encuentroinformativodotcomdotmx.wordpress.com\/2020\/02\/28\/confirmo-salud-primer-caso-de-coronavirus\/"},"modified":"2020-03-04T08:33:40","modified_gmt":"2020-03-04T08:33:40","slug":"confirmo-salud-primer-caso-de-coronavirus","status":"publish","type":"post","link":"https:\/\/encuentroinformativo.com.mx\/?p=210","title":{"rendered":"Confirm\u00f3 Salud primer caso de Coronavirus"},"content":{"rendered":"\n<figure class=\"wp-block-image size-large\"><img loading=\"lazy\" decoding=\"async\" width=\"1124\" height=\"750\" src=\"https:\/\/encuentroinformativo.com.mx\/wp-content\/uploads\/2020\/02\/img_7927-1.jpg?w=1024\" alt=\"\" class=\"wp-image-209\" srcset=\"https:\/\/encuentroinformativo.com.mx\/wp-content\/uploads\/2020\/02\/img_7927-1.jpg 1124w, https:\/\/encuentroinformativo.com.mx\/wp-content\/uploads\/2020\/02\/img_7927-1-300x200.jpg 300w, https:\/\/encuentroinformativo.com.mx\/wp-content\/uploads\/2020\/02\/img_7927-1-1024x683.jpg 1024w, https:\/\/encuentroinformativo.com.mx\/wp-content\/uploads\/2020\/02\/img_7927-1-768x512.jpg 768w\" sizes=\"auto, (max-width: 1124px) 100vw, 1124px\" \/><\/figure>\n\n\n\n<p>Maricela Paz y Luis M\u00e9ndez<\/p>\n\n\n\n<p>M\u00e9xico (<strong>Fuente<\/strong>: Notimex).- El primer caso de coronavirus en M\u00e9xico fue confirmado este viernes en la capital del pa\u00eds, se trata de un hombre de 35 a\u00f1os de edad, inform\u00f3 el subsecretario de Salud, Hugo L\u00f3pez-Gatell.<\/p>\n\n\n\n<p>Tras dar positivo en una primera y segunda prueba de Covid-19, el hombre fue aislado en el Instituto Nacional de Enfermedades Respiratorias (INER), sin embargo, el caso no es grave pues se encuentra en una etapa de bajo riesgo.<\/p>\n\n\n\n<p>L\u00f3pez-Gatell indic\u00f3 que existe otro caso en Sinaloa donde el paciente est\u00e1 aislado en un hotel y ha dado positivo en la primera prueba, falta que se haga la segunda para confirmar el que podr\u00eda ser el segundo caso.<\/p>\n\n\n\n<p>En el primer caso, el funcionario de la Secretar\u00eda de Salud federal refiri\u00f3 que la familia del paciente y el hombre se encuentran aislados para seguir con la atenci\u00f3n m\u00e9dica.<\/p>\n\n\n\n<p>Respecto al crucero MCS Meraviglia que atrac\u00f3 en Cozumel, Quintana Roo, expuso que se descartaron casos de coronavirus, por lo que hoy los turistas podr\u00e1n desembarcar sin problema en costas nacionales.<\/p>\n\n\n\n<p>&#8220;Todos tenemos que actuar, las epidemias se contiene en la comunidad, la pronta atenci\u00f3n de los s\u00edntomas y el reporte de cualquier caso sospechoso&#8221;, se\u00f1al\u00f3 L\u00f3pez-Gatell Ram\u00edrez.<\/p>\n","protected":false},"excerpt":{"rendered":"<p>Maricela Paz y Luis M\u00e9ndez M\u00e9xico (Fuente: Notimex).- El primer caso de coronavirus en M\u00e9xico fue confirmado este viernes en la capital del pa\u00eds, se trata de un hombre de 35 a\u00f1os de edad, inform\u00f3 el subsecretario de Salud, Hugo L\u00f3pez-Gatell. Tras dar positivo en una primera y segunda prueba de Covid-19, el hombre fue [&hellip;]<\/p>\n","protected":false},"author":1,"featured_media":208,"comment_status":"open","ping_status":"open","sticky":false,"template":"","format":"standard","meta":{"_jetpack_memberships_contains_paid_content":false,"footnotes":""},"categories":[9],"tags":[],"class_list":["post-210","post","type-post","status-publish","format-standard","has-post-thumbnail","hentry","category-salud"],"jetpack_featured_media_url":"https:\/\/encuentroinformativo.com.mx\/wp-content\/uploads\/2020\/02\/img_7927.jpg","jetpack_sharing_enabled":true,"jetpack_likes_enabled":true,"amp_enabled":true,"_links":{"self":[{"href":"https:\/\/encuentroinformativo.com.mx\/index.php?rest_route=\/wp\/v2\/posts\/210","targetHints":{"allow":["GET"]}}],"collection":[{"href":"https:\/\/encuentroinformativo.com.mx\/index.php?rest_route=\/wp\/v2\/posts"}],"about":[{"href":"https:\/\/encuentroinformativo.com.mx\/index.php?rest_route=\/wp\/v2\/types\/post"}],"author":[{"embeddable":true,"href":"https:\/\/encuentroinformativo.com.mx\/index.php?rest_route=\/wp\/v2\/users\/1"}],"replies":[{"embeddable":true,"href":"https:\/\/encuentroinformativo.com.mx\/index.php?rest_route=%2Fwp%2Fv2%2Fcomments&post=210"}],"version-history":[{"count":1,"href":"https:\/\/encuentroinformativo.com.mx\/index.php?rest_route=\/wp\/v2\/posts\/210\/revisions"}],"predecessor-version":[{"id":368,"href":"https:\/\/encuentroinformativo.com.mx\/index.php?rest_route=\/wp\/v2\/posts\/210\/revisions\/368"}],"wp:featuredmedia":[{"embeddable":true,"href":"https:\/\/encuentroinformativo.com.mx\/index.php?rest_route=\/wp\/v2\/media\/208"}],"wp:attachment":[{"href":"https:\/\/encuentroinformativo.com.mx\/index.php?rest_route=%2Fwp%2Fv2%2Fmedia&parent=210"}],"wp:term":[{"taxonomy":"category","embeddable":true,"href":"https:\/\/encuentroinformativo.com.mx\/index.php?rest_route=%2Fwp%2Fv2%2Fcategories&post=210"},{"taxonomy":"post_tag","embeddable":true,"href":"https:\/\/encuentroinformativo.com.mx\/index.php?rest_route=%2Fwp%2Fv2%2Ftags&post=210"}],"curies":[{"name":"wp","href":"https:\/\/api.w.org\/{rel}","templated":true}]}}