{"id":21013,"date":"2021-12-06T12:25:48","date_gmt":"2021-12-06T18:25:48","guid":{"rendered":"https:\/\/encuentroinformativo.com.mx\/?p=21013"},"modified":"2021-12-06T12:25:50","modified_gmt":"2021-12-06T18:25:50","slug":"se-registran-10-quejas-diarias-por-abusos-policiacos-resistencia-ciudadana","status":"publish","type":"post","link":"https:\/\/encuentroinformativo.com.mx\/?p=21013","title":{"rendered":"Se registran 10 quejas diarias por abusos policiacos: Resistencia Ciudadana"},"content":{"rendered":"\n<p><strong>Juan Arcos<\/strong><\/p>\n\n\n\n<p>Xalapa, Ver.- Integrantes de la organizaci\u00f3n Resistencia Ciudadana Xalape\u00f1a protestaron afuera del cuartel \u201cHeriberto Jara Corona\u201d, mejor conocido como \u201cSan Jos\u00e9\u201d, donde denunciaron que al d\u00eda reciben hasta diez quejas por abusos policial s\u00f3lo en la capital del estado.<\/p>\n\n\n\n<p>Los quejosos se plantaron sobre la calle Flores Bello, frente a la cochera de la comandancia, donde usaron un meg\u00e1fono para exigir que cesen dichos casos en la entidad.<\/p>\n\n\n\n<p>De acuerdo con Juan Carlos Cuevas Reyes, vocero de la agrupaci\u00f3n, tambi\u00e9n han sido presentadas denuncias en la Fiscal\u00eda General del Estado (FGE) por ese motivo.<\/p>\n\n\n\n<p>\u201cDiario recibimos quejas, cinco, diez, son n\u00fameros distintos, pero no pasa un d\u00eda sin que tengamos quejas y denuncias. No todos los ciudadanos quieren denunciar penalmente por intimidaci\u00f3n\u201d.<\/p>\n\n\n\n<p>El entrevistado denunci\u00f3 penalmente a un agente de Tr\u00e1nsito por captar en video el momento exacto en que agred\u00eda a un taxista que se encontraba en una gasolinera de Xalapa.<\/p>\n\n\n\n<p>Detall\u00f3 que los hechos ocurrieron el pasado 1 de septiembre y que el servidor p\u00fablico Silverio \u201cN\u201d, alias \u201cEl Pachi\u201d, lo amenaz\u00f3, lo intimid\u00f3 y lo agredi\u00f3 f\u00edsicamente por defender a un ciudadano que estaba siendo v\u00edctima de un abuso policial.<\/p>\n\n\n\n<p>\u201cTom\u00f3 fotograf\u00edas de mi persona, de mi veh\u00edculo, eso entra en delitos de corrupci\u00f3n, para que el ciudadano no denuncie, eso es penado\u201d.<\/p>\n\n\n\n<p>Record\u00f3 que la Fiscal\u00eda en Combate a la Corrupci\u00f3n contin\u00faa el proceso contra el elemento de Tr\u00e1nsito, con base en la carpeta de investigaci\u00f3n 638\/2021.<\/p>\n\n\n\n<p>Cuevas Reyes indic\u00f3 que tambi\u00e9n han recibido casos de detenciones arbitrarias, extorsiones por parte de polic\u00edas estatales y retenciones indebidas de veh\u00edculos particulares y taxis.<\/p>\n","protected":false},"excerpt":{"rendered":"<p>Juan Arcos Xalapa, Ver.- Integrantes de la organizaci\u00f3n Resistencia Ciudadana Xalape\u00f1a protestaron afuera del cuartel \u201cHeriberto Jara Corona\u201d, mejor conocido como \u201cSan Jos\u00e9\u201d, donde denunciaron que al d\u00eda reciben hasta diez quejas por abusos policial s\u00f3lo en la capital del estado. Los quejosos se plantaron sobre la calle Flores Bello, frente a la cochera de [&hellip;]<\/p>\n","protected":false},"author":1,"featured_media":21014,"comment_status":"open","ping_status":"open","sticky":false,"template":"","format":"standard","meta":{"_jetpack_memberships_contains_paid_content":false,"footnotes":""},"categories":[3],"tags":[],"class_list":["post-21013","post","type-post","status-publish","format-standard","has-post-thumbnail","hentry","category-xalapa"],"jetpack_featured_media_url":"https:\/\/encuentroinformativo.com.mx\/wp-content\/uploads\/2021\/12\/224EEC19-97C8-45FE-A529-25AE3665415A.jpeg","jetpack_sharing_enabled":true,"jetpack_likes_enabled":true,"amp_enabled":true,"_links":{"self":[{"href":"https:\/\/encuentroinformativo.com.mx\/index.php?rest_route=\/wp\/v2\/posts\/21013","targetHints":{"allow":["GET"]}}],"collection":[{"href":"https:\/\/encuentroinformativo.com.mx\/index.php?rest_route=\/wp\/v2\/posts"}],"about":[{"href":"https:\/\/encuentroinformativo.com.mx\/index.php?rest_route=\/wp\/v2\/types\/post"}],"author":[{"embeddable":true,"href":"https:\/\/encuentroinformativo.com.mx\/index.php?rest_route=\/wp\/v2\/users\/1"}],"replies":[{"embeddable":true,"href":"https:\/\/encuentroinformativo.com.mx\/index.php?rest_route=%2Fwp%2Fv2%2Fcomments&post=21013"}],"version-history":[{"count":1,"href":"https:\/\/encuentroinformativo.com.mx\/index.php?rest_route=\/wp\/v2\/posts\/21013\/revisions"}],"predecessor-version":[{"id":21015,"href":"https:\/\/encuentroinformativo.com.mx\/index.php?rest_route=\/wp\/v2\/posts\/21013\/revisions\/21015"}],"wp:featuredmedia":[{"embeddable":true,"href":"https:\/\/encuentroinformativo.com.mx\/index.php?rest_route=\/wp\/v2\/media\/21014"}],"wp:attachment":[{"href":"https:\/\/encuentroinformativo.com.mx\/index.php?rest_route=%2Fwp%2Fv2%2Fmedia&parent=21013"}],"wp:term":[{"taxonomy":"category","embeddable":true,"href":"https:\/\/encuentroinformativo.com.mx\/index.php?rest_route=%2Fwp%2Fv2%2Fcategories&post=21013"},{"taxonomy":"post_tag","embeddable":true,"href":"https:\/\/encuentroinformativo.com.mx\/index.php?rest_route=%2Fwp%2Fv2%2Ftags&post=21013"}],"curies":[{"name":"wp","href":"https:\/\/api.w.org\/{rel}","templated":true}]}}