{"id":21016,"date":"2021-12-06T12:44:20","date_gmt":"2021-12-06T18:44:20","guid":{"rendered":"https:\/\/encuentroinformativo.com.mx\/?p=21016"},"modified":"2021-12-06T12:44:24","modified_gmt":"2021-12-06T18:44:24","slug":"graba-ana-de-la-reguera-serie-en-veracruz-puerto","status":"publish","type":"post","link":"https:\/\/encuentroinformativo.com.mx\/?p=21016","title":{"rendered":"Graba Ana de la Reguera serie en Veracruz puerto"},"content":{"rendered":"\n<p><strong>Alejandro \u00c1vila<\/strong><\/p>\n\n\n\n<p>Veracruz, Ver.- La serie &#8220;Ana&#8221;, misma que es semi autobiogr\u00e1fica de la actriz veracruzana Ana de la Reguera, inici\u00f3 este lunes 6 de diciembre grabaciones en Veracruz puerto, donde estar\u00e1n hasta el jueves 9 de diciembre.<\/p>\n\n\n\n<p>En el primer d\u00eda de grabaciones, el personal fue citado a las 6 de la ma\u00f1ana, para iniciar el rodaje a las 8 de la ma\u00f1ana en Los Portales de Lerdo.<\/p>\n\n\n\n<p>Otros puntos donde habr\u00e1 grabaciones durante los pr\u00f3ximos d\u00edas, ser\u00e1 la avenida Jos\u00e9 Mart\u00ed y la Plaza de la Rep\u00fablica.<\/p>\n\n\n\n<p>La serie en su primera temporada que const\u00f3 de 10 episodios, se estren\u00f3 en abril del 2020.<\/p>\n\n\n\n<p>Jos\u00e9 Salvatori Arjona, director de Turismo del Ayuntamiento de Veracruz, destac\u00f3 que la serie permitir\u00e1 promover al municipio de Veracruz.<\/p>\n\n\n\n<p>\u201cLa serie se llama Ana, de Ana de la Reguera, una veracruzana que tiene fama internacional. Viene una serie de extras y actores principales, no nada m\u00e1s en el tema de actores sino tambi\u00e9n de la productora porque vienen cerca de cuatro o cinco camiones con gente de M\u00e9xico y del mundo que vienen a producir esta serie\u201d.<\/p>\n\n\n\n<p>Salvatori Arjona, se\u00f1al\u00f3 que tambi\u00e9n habr\u00e1 grabaciones en el municipio de Boca del R\u00edo; incluso, destac\u00f3 la derrama econ\u00f3mica que generar\u00e1 empleo en la ciudad, adem\u00e1s de la solicitud de extras.<\/p>\n\n\n\n<p>\u201cTengo entendido que contratar\u00e1n extras para la grabaci\u00f3n. Es una derrama econ\u00f3mica para el sector restaurantero como hotelero\u201d.<\/p>\n\n\n\n<p>El Ayuntamiento de Veracruz otorg\u00f3 facilidades para la grabaci\u00f3n de la serie.<\/p>\n\n\n\n<figure class=\"wp-block-image size-large\"><img loading=\"lazy\" decoding=\"async\" width=\"1024\" height=\"768\" src=\"https:\/\/encuentroinformativo.com.mx\/wp-content\/uploads\/2021\/12\/FFB53825-678C-477A-A2D8-5CA352485625-1024x768.jpeg\" alt=\"\" class=\"wp-image-21018\" srcset=\"https:\/\/encuentroinformativo.com.mx\/wp-content\/uploads\/2021\/12\/FFB53825-678C-477A-A2D8-5CA352485625-1024x768.jpeg 1024w, https:\/\/encuentroinformativo.com.mx\/wp-content\/uploads\/2021\/12\/FFB53825-678C-477A-A2D8-5CA352485625-300x225.jpeg 300w, https:\/\/encuentroinformativo.com.mx\/wp-content\/uploads\/2021\/12\/FFB53825-678C-477A-A2D8-5CA352485625-768x576.jpeg 768w, https:\/\/encuentroinformativo.com.mx\/wp-content\/uploads\/2021\/12\/FFB53825-678C-477A-A2D8-5CA352485625.jpeg 1280w\" sizes=\"auto, (max-width: 1024px) 100vw, 1024px\" \/><\/figure>\n","protected":false},"excerpt":{"rendered":"<p>Alejandro \u00c1vila Veracruz, Ver.- La serie &#8220;Ana&#8221;, misma que es semi autobiogr\u00e1fica de la actriz veracruzana Ana de la Reguera, inici\u00f3 este lunes 6 de diciembre grabaciones en Veracruz puerto, donde estar\u00e1n hasta el jueves 9 de diciembre. En el primer d\u00eda de grabaciones, el personal fue citado a las 6 de la ma\u00f1ana, para [&hellip;]<\/p>\n","protected":false},"author":1,"featured_media":21017,"comment_status":"open","ping_status":"open","sticky":false,"template":"","format":"standard","meta":{"_jetpack_memberships_contains_paid_content":false,"footnotes":""},"categories":[2],"tags":[],"class_list":["post-21016","post","type-post","status-publish","format-standard","has-post-thumbnail","hentry","category-estado"],"jetpack_featured_media_url":"https:\/\/encuentroinformativo.com.mx\/wp-content\/uploads\/2021\/12\/1F79FA2C-823A-4E02-948F-DA8E17B8F9B7.jpeg","jetpack_sharing_enabled":true,"jetpack_likes_enabled":true,"amp_enabled":true,"_links":{"self":[{"href":"https:\/\/encuentroinformativo.com.mx\/index.php?rest_route=\/wp\/v2\/posts\/21016","targetHints":{"allow":["GET"]}}],"collection":[{"href":"https:\/\/encuentroinformativo.com.mx\/index.php?rest_route=\/wp\/v2\/posts"}],"about":[{"href":"https:\/\/encuentroinformativo.com.mx\/index.php?rest_route=\/wp\/v2\/types\/post"}],"author":[{"embeddable":true,"href":"https:\/\/encuentroinformativo.com.mx\/index.php?rest_route=\/wp\/v2\/users\/1"}],"replies":[{"embeddable":true,"href":"https:\/\/encuentroinformativo.com.mx\/index.php?rest_route=%2Fwp%2Fv2%2Fcomments&post=21016"}],"version-history":[{"count":1,"href":"https:\/\/encuentroinformativo.com.mx\/index.php?rest_route=\/wp\/v2\/posts\/21016\/revisions"}],"predecessor-version":[{"id":21019,"href":"https:\/\/encuentroinformativo.com.mx\/index.php?rest_route=\/wp\/v2\/posts\/21016\/revisions\/21019"}],"wp:featuredmedia":[{"embeddable":true,"href":"https:\/\/encuentroinformativo.com.mx\/index.php?rest_route=\/wp\/v2\/media\/21017"}],"wp:attachment":[{"href":"https:\/\/encuentroinformativo.com.mx\/index.php?rest_route=%2Fwp%2Fv2%2Fmedia&parent=21016"}],"wp:term":[{"taxonomy":"category","embeddable":true,"href":"https:\/\/encuentroinformativo.com.mx\/index.php?rest_route=%2Fwp%2Fv2%2Fcategories&post=21016"},{"taxonomy":"post_tag","embeddable":true,"href":"https:\/\/encuentroinformativo.com.mx\/index.php?rest_route=%2Fwp%2Fv2%2Ftags&post=21016"}],"curies":[{"name":"wp","href":"https:\/\/api.w.org\/{rel}","templated":true}]}}