{"id":2102,"date":"2020-04-24T15:50:24","date_gmt":"2020-04-24T20:50:24","guid":{"rendered":"https:\/\/encuentroinformativo.com\/?p=2102"},"modified":"2020-04-24T15:50:26","modified_gmt":"2020-04-24T20:50:26","slug":"realizan-acciones-de-sanitizacion-de-transporte-en-coatepec","status":"publish","type":"post","link":"https:\/\/encuentroinformativo.com.mx\/?p=2102","title":{"rendered":"Realizan acciones de sanitizaci\u00f3n de transporte en Coatepec"},"content":{"rendered":"\n<p><strong>Juan Arcos<\/strong><\/p>\n\n\n\n<p>Coatepec, Ver.- El Ayuntamiento de Coatepec contin\u00faa las acciones para la sanitizaci\u00f3n del transporte p\u00fablico en modalidad taxi.<\/p>\n\n\n\n<p>Esto en coordinaci\u00f3n con el Departamento de Protecci\u00f3n Civil y Salud Municipal.<\/p>\n\n\n\n<p>Se implementa de manera fija y durante la actual contingencia un m\u00f3dulo, donde se ofrece de manera gratuita el servicio para beneficiar a la poblaci\u00f3n que requiere utilizar este tipo de transporte p\u00fablico.<\/p>\n\n\n\n<p>Se trata de una medida preventiva para evitar la propagaci\u00f3n del COVID-19.<\/p>\n\n\n\n<p>El filtro est\u00e1 ubicado sobre la calle Independencia, entre Santos Degollado y Miguel Lerdo, a la altura del campo deportivo \u201cL\u00f3pez Mateos\u201d, con un horario de 9:00 a 15:00 horas, de lunes a viernes.<\/p>\n\n\n\n<p>El Ayuntamiento se Coatepec invita a los propietarios y conductores de taxis para que acudan al lugar.<\/p>\n\n\n\n<p>El m\u00f3dulo de sanitizaci\u00f3n estar\u00e1 hasta el d\u00eda 31 de mayo, fecha que el Gobierno Federal tiene como \u00faltimo d\u00eda de la contingencia.<\/p>\n\n\n\n<p>El operativo de sanitizaci\u00f3n tambi\u00e9n contin\u00faa en distintos lugares p\u00fablicos del Pueblo M\u00e1gico para evitar el contagio de coronavirus.<\/p>\n","protected":false},"excerpt":{"rendered":"<p>Juan Arcos Coatepec, Ver.- El Ayuntamiento de Coatepec contin\u00faa las acciones para la sanitizaci\u00f3n del transporte p\u00fablico en modalidad taxi. Esto en coordinaci\u00f3n con el Departamento de Protecci\u00f3n Civil y Salud Municipal. Se implementa de manera fija y durante la actual contingencia un m\u00f3dulo, donde se ofrece de manera gratuita el servicio para beneficiar a [&hellip;]<\/p>\n","protected":false},"author":1,"featured_media":2103,"comment_status":"open","ping_status":"open","sticky":false,"template":"","format":"standard","meta":{"_jetpack_memberships_contains_paid_content":false,"footnotes":""},"categories":[8],"tags":[],"class_list":["post-2102","post","type-post","status-publish","format-standard","has-post-thumbnail","hentry","category-region"],"jetpack_featured_media_url":"https:\/\/encuentroinformativo.com.mx\/wp-content\/uploads\/2020\/04\/74FF00D7-06D5-442E-89A0-789D4D2D7842.jpeg","jetpack_sharing_enabled":true,"jetpack_likes_enabled":true,"amp_enabled":true,"_links":{"self":[{"href":"https:\/\/encuentroinformativo.com.mx\/index.php?rest_route=\/wp\/v2\/posts\/2102","targetHints":{"allow":["GET"]}}],"collection":[{"href":"https:\/\/encuentroinformativo.com.mx\/index.php?rest_route=\/wp\/v2\/posts"}],"about":[{"href":"https:\/\/encuentroinformativo.com.mx\/index.php?rest_route=\/wp\/v2\/types\/post"}],"author":[{"embeddable":true,"href":"https:\/\/encuentroinformativo.com.mx\/index.php?rest_route=\/wp\/v2\/users\/1"}],"replies":[{"embeddable":true,"href":"https:\/\/encuentroinformativo.com.mx\/index.php?rest_route=%2Fwp%2Fv2%2Fcomments&post=2102"}],"version-history":[{"count":1,"href":"https:\/\/encuentroinformativo.com.mx\/index.php?rest_route=\/wp\/v2\/posts\/2102\/revisions"}],"predecessor-version":[{"id":2104,"href":"https:\/\/encuentroinformativo.com.mx\/index.php?rest_route=\/wp\/v2\/posts\/2102\/revisions\/2104"}],"wp:featuredmedia":[{"embeddable":true,"href":"https:\/\/encuentroinformativo.com.mx\/index.php?rest_route=\/wp\/v2\/media\/2103"}],"wp:attachment":[{"href":"https:\/\/encuentroinformativo.com.mx\/index.php?rest_route=%2Fwp%2Fv2%2Fmedia&parent=2102"}],"wp:term":[{"taxonomy":"category","embeddable":true,"href":"https:\/\/encuentroinformativo.com.mx\/index.php?rest_route=%2Fwp%2Fv2%2Fcategories&post=2102"},{"taxonomy":"post_tag","embeddable":true,"href":"https:\/\/encuentroinformativo.com.mx\/index.php?rest_route=%2Fwp%2Fv2%2Ftags&post=2102"}],"curies":[{"name":"wp","href":"https:\/\/api.w.org\/{rel}","templated":true}]}}