{"id":21026,"date":"2021-12-06T14:11:17","date_gmt":"2021-12-06T20:11:17","guid":{"rendered":"https:\/\/encuentroinformativo.com.mx\/?p=21026"},"modified":"2021-12-06T14:11:21","modified_gmt":"2021-12-06T20:11:21","slug":"diputade-sin-interes-en-comunidad-lgbttti-acusan","status":"publish","type":"post","link":"https:\/\/encuentroinformativo.com.mx\/?p=21026","title":{"rendered":"\u2018Diputade\u2019 sin inter\u00e9s en comunidad LGBTTTI, acusan"},"content":{"rendered":"\n<p><strong>Dar\u00edo Pale<\/strong><\/p>\n\n\n\n<p>Xalapa, Ver.- El &#8220;Diputade&#8221; Gonzalo Dur\u00e1n Chingoya est\u00e1 m\u00e1s preocupado por su trayectoria pol\u00edtica que de la comunidad LGBTTTIQ, ya que parece que se le olvido de las filas de donde surgi\u00f3.<\/p>\n\n\n\n<p>Entrevistado en conocido caf\u00e9 del centro de Xalapa el presidente de la Coalici\u00f3n LGBTTTIQ, Benjam\u00edn Callejas Hern\u00e1ndez, le record\u00f3 al diputado Gonzalo Dur\u00e1n Chincoya, que surgi\u00f3 de las filas la comunidad y espera que no se le olvide que se comprometi\u00f3 a impulsar diversas iniciativas en favor de ellos.<\/p>\n\n\n\n<p>Record\u00f3 que se le apoy\u00f3 de manera indirecta para que llegara al Congreso porque el espacio que ocupa es resultado de la lucha de todos los activistas a lo largo de los a\u00f1os, &#8220;yo creo que el compa\u00f1ere ha estado m\u00e1s ocupado en su trayectoria pol\u00edtica que realmente conocer los casos de fondo y la problem\u00e1tica que vive nuestra poblaci\u00f3n&#8221;.<\/p>\n\n\n\n<p>&#8220;No es ignorante de los casos (de cr\u00edmenes de odio), porque sabe qu\u00e9 es lo que est\u00e1 ocurriendo, desconozco qu\u00e9 es lo que est\u00e1 pasando al interior del Congreso. Si \u00e9l no tiene el respaldo de su bancada, lo tiene de la comunidad desde afuera para impulsar las iniciativas y que vean que no est\u00e1 solo&#8221;, se\u00f1al\u00f3.<\/p>\n\n\n\n<p>Callejas Hern\u00e1ndez comprendi\u00f3 que quiz\u00e1 no sea sencillo impulsar las iniciativas de la comunidad LGBTTTIQ, pero le pidi\u00f3 que no se olvide de la comunidad de la diversidad sexual.<\/p>\n\n\n\n<p>&#8220;Que no se olvide de nosotros, que no llegue a desilusionar porque queremos que sea esa voz congruente que necesitamos al interior del Congreso&#8221;, coment\u00f3.<\/p>\n\n\n\n<p>Finalmente el l\u00edder de esta comunidad dijo que desconoce la agenda legislativa del &#8220;diputade&#8221;, pero record\u00f3 que ellos ya le entregaron la agenda de esta poblaci\u00f3n que incluye educaci\u00f3n, empleo, salud, cr\u00edmenes de odio por homofobia, atacar la discriminaci\u00f3n, la Ley General de Identidad Trans, as\u00ed como el matrimonio igualitario.<\/p>\n","protected":false},"excerpt":{"rendered":"<p>Dar\u00edo Pale Xalapa, Ver.- El &#8220;Diputade&#8221; Gonzalo Dur\u00e1n Chingoya est\u00e1 m\u00e1s preocupado por su trayectoria pol\u00edtica que de la comunidad LGBTTTIQ, ya que parece que se le olvido de las filas de donde surgi\u00f3. Entrevistado en conocido caf\u00e9 del centro de Xalapa el presidente de la Coalici\u00f3n LGBTTTIQ, Benjam\u00edn Callejas Hern\u00e1ndez, le record\u00f3 al diputado [&hellip;]<\/p>\n","protected":false},"author":1,"featured_media":21027,"comment_status":"open","ping_status":"open","sticky":false,"template":"","format":"standard","meta":{"_jetpack_memberships_contains_paid_content":false,"footnotes":""},"categories":[3],"tags":[],"class_list":["post-21026","post","type-post","status-publish","format-standard","has-post-thumbnail","hentry","category-xalapa"],"jetpack_featured_media_url":"https:\/\/encuentroinformativo.com.mx\/wp-content\/uploads\/2021\/12\/F061FB7F-D46B-4481-9EAD-A69403FD5256.jpeg","jetpack_sharing_enabled":true,"jetpack_likes_enabled":true,"amp_enabled":true,"_links":{"self":[{"href":"https:\/\/encuentroinformativo.com.mx\/index.php?rest_route=\/wp\/v2\/posts\/21026","targetHints":{"allow":["GET"]}}],"collection":[{"href":"https:\/\/encuentroinformativo.com.mx\/index.php?rest_route=\/wp\/v2\/posts"}],"about":[{"href":"https:\/\/encuentroinformativo.com.mx\/index.php?rest_route=\/wp\/v2\/types\/post"}],"author":[{"embeddable":true,"href":"https:\/\/encuentroinformativo.com.mx\/index.php?rest_route=\/wp\/v2\/users\/1"}],"replies":[{"embeddable":true,"href":"https:\/\/encuentroinformativo.com.mx\/index.php?rest_route=%2Fwp%2Fv2%2Fcomments&post=21026"}],"version-history":[{"count":1,"href":"https:\/\/encuentroinformativo.com.mx\/index.php?rest_route=\/wp\/v2\/posts\/21026\/revisions"}],"predecessor-version":[{"id":21028,"href":"https:\/\/encuentroinformativo.com.mx\/index.php?rest_route=\/wp\/v2\/posts\/21026\/revisions\/21028"}],"wp:featuredmedia":[{"embeddable":true,"href":"https:\/\/encuentroinformativo.com.mx\/index.php?rest_route=\/wp\/v2\/media\/21027"}],"wp:attachment":[{"href":"https:\/\/encuentroinformativo.com.mx\/index.php?rest_route=%2Fwp%2Fv2%2Fmedia&parent=21026"}],"wp:term":[{"taxonomy":"category","embeddable":true,"href":"https:\/\/encuentroinformativo.com.mx\/index.php?rest_route=%2Fwp%2Fv2%2Fcategories&post=21026"},{"taxonomy":"post_tag","embeddable":true,"href":"https:\/\/encuentroinformativo.com.mx\/index.php?rest_route=%2Fwp%2Fv2%2Ftags&post=21026"}],"curies":[{"name":"wp","href":"https:\/\/api.w.org\/{rel}","templated":true}]}}