{"id":21029,"date":"2021-12-06T14:34:13","date_gmt":"2021-12-06T20:34:13","guid":{"rendered":"https:\/\/encuentroinformativo.com.mx\/?p=21029"},"modified":"2021-12-06T14:34:16","modified_gmt":"2021-12-06T20:34:16","slug":"acusa-mecanico-abusos-policiacos-y-danos","status":"publish","type":"post","link":"https:\/\/encuentroinformativo.com.mx\/?p=21029","title":{"rendered":"Acusa mec\u00e1nico abusos policiacos y da\u00f1os"},"content":{"rendered":"\n<p><strong>Juan Arcos<\/strong><\/p>\n\n\n\n<p>Xalapa, Ver.- Daniel Hern\u00e1ndez denunci\u00f3 que fue v\u00edctima de una detenci\u00f3n ilegal por parte de seis elementos de la Secretar\u00eda de Seguridad P\u00fablica (SSP).<\/p>\n\n\n\n<p>Los hechos ocurrieron hace dos semanas en la ciudad de Xalapa, cuando se encontraba estacionado sobre la avenida \u00c9bano, afuera de su taller donde trabaja en la reparaci\u00f3n de veh\u00edculos y motocicletas.<\/p>\n\n\n\n<p>Acababa de recibir un pago por la reparaci\u00f3n de un autom\u00f3vil y ten\u00eda dinero entre sus piernas. Los polic\u00edas estatales se acercaron con el pretexto de revisar sus placas de circulaci\u00f3n y vieron el efectivo.<\/p>\n\n\n\n<p>De pronto, quisieron obligarlo a descender de la unidad, pero se neg\u00f3 debido a que los oficiales carec\u00edan de una orden para catear su veh\u00edculo.<\/p>\n\n\n\n<p>\u201cMi coche est\u00e1 sin problemas de documentaci\u00f3n ni tiene reporte de robo, acept\u00e9 a que revisaran las placas, uno de los oficiales da la vuelta en la zona del copiloto y me vieron que tra\u00eda una fuerte cantidad de dinero en efectivo, le hizo una se\u00f1a a su compa\u00f1ero y yo lo alcanc\u00e9 a ver, encend\u00ed una c\u00e1mara que tengo adentro de mi veh\u00edculo\u201d.<\/p>\n\n\n\n<p>El entrevistado mencion\u00f3 que fue obligado a salir de su coche, sometido por una mujer polic\u00eda y golpeado varias veces en la espalda.<\/p>\n\n\n\n<p>El joven presenta una lesi\u00f3n en la columna vertebral por los golpes que recibi\u00f3 de los servidores p\u00fablicos y cuenta con videos del momento en que sucedieron los hechos.<\/p>\n\n\n\n<p>Por tal motivo, interpuso una denuncia en la Fiscal\u00eda General del Estado (FGE) y contin\u00faa el proceso contra los polic\u00edas que lo agredieron.<\/p>\n\n\n\n<p>Sin embargo, indic\u00f3 que ha sido perseguido por los elementos que fueron se\u00f1alados de dicha situaci\u00f3n y que lo acosan cerca de donde se encuentra su taller automotriz.<\/p>\n","protected":false},"excerpt":{"rendered":"<p>Juan Arcos Xalapa, Ver.- Daniel Hern\u00e1ndez denunci\u00f3 que fue v\u00edctima de una detenci\u00f3n ilegal por parte de seis elementos de la Secretar\u00eda de Seguridad P\u00fablica (SSP). Los hechos ocurrieron hace dos semanas en la ciudad de Xalapa, cuando se encontraba estacionado sobre la avenida \u00c9bano, afuera de su taller donde trabaja en la reparaci\u00f3n de [&hellip;]<\/p>\n","protected":false},"author":1,"featured_media":21030,"comment_status":"open","ping_status":"open","sticky":false,"template":"","format":"standard","meta":{"_jetpack_memberships_contains_paid_content":false,"footnotes":""},"categories":[3],"tags":[],"class_list":["post-21029","post","type-post","status-publish","format-standard","has-post-thumbnail","hentry","category-xalapa"],"jetpack_featured_media_url":"https:\/\/encuentroinformativo.com.mx\/wp-content\/uploads\/2021\/12\/171036B4-AEE2-40D9-AD9D-CB80D326CC1A.jpeg","jetpack_sharing_enabled":true,"jetpack_likes_enabled":true,"amp_enabled":true,"_links":{"self":[{"href":"https:\/\/encuentroinformativo.com.mx\/index.php?rest_route=\/wp\/v2\/posts\/21029","targetHints":{"allow":["GET"]}}],"collection":[{"href":"https:\/\/encuentroinformativo.com.mx\/index.php?rest_route=\/wp\/v2\/posts"}],"about":[{"href":"https:\/\/encuentroinformativo.com.mx\/index.php?rest_route=\/wp\/v2\/types\/post"}],"author":[{"embeddable":true,"href":"https:\/\/encuentroinformativo.com.mx\/index.php?rest_route=\/wp\/v2\/users\/1"}],"replies":[{"embeddable":true,"href":"https:\/\/encuentroinformativo.com.mx\/index.php?rest_route=%2Fwp%2Fv2%2Fcomments&post=21029"}],"version-history":[{"count":1,"href":"https:\/\/encuentroinformativo.com.mx\/index.php?rest_route=\/wp\/v2\/posts\/21029\/revisions"}],"predecessor-version":[{"id":21031,"href":"https:\/\/encuentroinformativo.com.mx\/index.php?rest_route=\/wp\/v2\/posts\/21029\/revisions\/21031"}],"wp:featuredmedia":[{"embeddable":true,"href":"https:\/\/encuentroinformativo.com.mx\/index.php?rest_route=\/wp\/v2\/media\/21030"}],"wp:attachment":[{"href":"https:\/\/encuentroinformativo.com.mx\/index.php?rest_route=%2Fwp%2Fv2%2Fmedia&parent=21029"}],"wp:term":[{"taxonomy":"category","embeddable":true,"href":"https:\/\/encuentroinformativo.com.mx\/index.php?rest_route=%2Fwp%2Fv2%2Fcategories&post=21029"},{"taxonomy":"post_tag","embeddable":true,"href":"https:\/\/encuentroinformativo.com.mx\/index.php?rest_route=%2Fwp%2Fv2%2Ftags&post=21029"}],"curies":[{"name":"wp","href":"https:\/\/api.w.org\/{rel}","templated":true}]}}