{"id":21032,"date":"2021-12-06T14:55:33","date_gmt":"2021-12-06T20:55:33","guid":{"rendered":"https:\/\/encuentroinformativo.com.mx\/?p=21032"},"modified":"2021-12-06T14:55:37","modified_gmt":"2021-12-06T20:55:37","slug":"familiares-de-empresario-desaparecido-senalan-omisiones-de-autoridades","status":"publish","type":"post","link":"https:\/\/encuentroinformativo.com.mx\/?p=21032","title":{"rendered":"Familiares de empresario desaparecido, se\u00f1alan omisiones de autoridades"},"content":{"rendered":"\n<p><strong>Dar\u00edo Pale<\/strong><\/p>\n\n\n\n<p>Xalapa, Ver.- Jos\u00e9 Manuel y Abril Stephany Flores Urbano junto con Jovita Urbano Ortiz, hijos y esposa del empresario constructor Jos\u00e9 Manuel Flores R\u00edos, desaparecido hace 8 a\u00f1os piden a Fiscal\u00eda subir datos a plataforma para que avance investigaci\u00f3n.<\/p>\n\n\n\n<p>Entrevistados en los pasillos de conocido caf\u00e9 del centro de Xalapa, los familiares del empresario constructor desaparecido, dieron a conocer que desde el 2013, denunciaron la desaparici\u00f3n forzada y por parte de alguna autoridad, no ha habido ning\u00fan avance en la indagatoria.<\/p>\n\n\n\n<p>El oriundo de Tierra Blanca desapareci\u00f3 hace ochos a\u00f1os en pleno centro de Xalapa, cerca del parque Los Berros, por lo que sus hijos Jos\u00e9 Manuel y Abril Stephany Flores Urbano junto con su esposa, Jovita Urbano Ortiz; denunciaron que en el 2013 lo detuvo una autoridad, por lo que el 5 de marzo de ese a\u00f1o presentaron la denuncia correspondiente.<\/p>\n\n\n\n<p>\u201cApenas hace seis meses nos reconocieron como familia de \u00e9l y nos tardamos 8 meses en que la autoridad nos dieran la calidad de v\u00edctimas, han sido omisiones tras omisiones, pero gracias al Colectivo por la Paz Xalapa, la CEAV y la Comisi\u00f3n de Derechos Humanos, nos han apoyado&#8221;, acus\u00f3 su hijo.<\/p>\n\n\n\n<p>Por otra arte su hija, Abril, denunci\u00f3 tambi\u00e9n que a lo largo de todo este tiempo han podido ver la carpeta de investigaci\u00f3n apenas en dos ocasiones, &#8220;no ten\u00edamos ni siquiera un bolet\u00edn de b\u00fasqueda, \u00e9l no estaba como desaparecido ante la autoridad, hasta ahorita que nos lo dieron para difundirlo&#8221;.<\/p>\n\n\n\n<p>La burocracia lleg\u00f3 al extremo de pedirles actas de nacimiento certificadas de Puebla porque los hijos de Jos\u00e9 Manuel est\u00e1n registrados en la vecina entidad y la Fiscal\u00eda lleg\u00f3 al grado de llamar a Puebla para comprobar si efectivamente hab\u00edan acudido de manera directa a solicitar las actas.<\/p>\n\n\n\n<p>Por todo lo anterior, se\u00f1alaron muchas omisiones por parte del Ministerio P\u00fablico y del fiscal encargado en aquel entonces de apellido Alatriste, apenas la semana pasada la fiscal especializada en desaparedos, Silveria Morales, les expuso que pod\u00eda atraer el caso a dicha fiscal\u00eda toda vez que las omisiones son muy graves.<\/p>\n\n\n\n<p>&#8220;Llevamos un a\u00f1o solicitando que se turne la carpeta a la Fiscal\u00eda por competencia que le corresponde y nos vemos forzados a hacer una rueda de prensa porque no ha pasado y es un a\u00f1o m\u00e1s y nosotros no queremos culpar a nadie, lo que queremos es encontrarlo y llevarnos la paz de encontrarlo&#8221;, acusaron.<\/p>\n\n\n\n<p>Finalmente Jos\u00e9 Manuel se\u00f1al\u00f3 &#8220;queremos que nos ayuden a difundirlo, a que Silveria nos ayude a atraer el caso, a que nos ayude a subirlo a la plataforma, tienen nuestro ADN desde hace 8 a\u00f1os, tienen toda la informaci\u00f3n que puedan pedir, pero si no la meten al sistema, pero si no nos dejan buscarlo, si no est\u00e1 con una fiscal que nos pueda ayudar a que avance el caso; esa evidencia y nada es lo mismo&#8221;.<\/p>\n","protected":false},"excerpt":{"rendered":"<p>Dar\u00edo Pale Xalapa, Ver.- Jos\u00e9 Manuel y Abril Stephany Flores Urbano junto con Jovita Urbano Ortiz, hijos y esposa del empresario constructor Jos\u00e9 Manuel Flores R\u00edos, desaparecido hace 8 a\u00f1os piden a Fiscal\u00eda subir datos a plataforma para que avance investigaci\u00f3n. Entrevistados en los pasillos de conocido caf\u00e9 del centro de Xalapa, los familiares del [&hellip;]<\/p>\n","protected":false},"author":1,"featured_media":21033,"comment_status":"open","ping_status":"open","sticky":false,"template":"","format":"standard","meta":{"_jetpack_memberships_contains_paid_content":false,"footnotes":""},"categories":[2],"tags":[],"class_list":["post-21032","post","type-post","status-publish","format-standard","has-post-thumbnail","hentry","category-estado"],"jetpack_featured_media_url":"https:\/\/encuentroinformativo.com.mx\/wp-content\/uploads\/2021\/12\/F3731033-0E1A-45DB-8A55-4E7F9DFCE1E2.jpeg","jetpack_sharing_enabled":true,"jetpack_likes_enabled":true,"amp_enabled":true,"_links":{"self":[{"href":"https:\/\/encuentroinformativo.com.mx\/index.php?rest_route=\/wp\/v2\/posts\/21032","targetHints":{"allow":["GET"]}}],"collection":[{"href":"https:\/\/encuentroinformativo.com.mx\/index.php?rest_route=\/wp\/v2\/posts"}],"about":[{"href":"https:\/\/encuentroinformativo.com.mx\/index.php?rest_route=\/wp\/v2\/types\/post"}],"author":[{"embeddable":true,"href":"https:\/\/encuentroinformativo.com.mx\/index.php?rest_route=\/wp\/v2\/users\/1"}],"replies":[{"embeddable":true,"href":"https:\/\/encuentroinformativo.com.mx\/index.php?rest_route=%2Fwp%2Fv2%2Fcomments&post=21032"}],"version-history":[{"count":1,"href":"https:\/\/encuentroinformativo.com.mx\/index.php?rest_route=\/wp\/v2\/posts\/21032\/revisions"}],"predecessor-version":[{"id":21034,"href":"https:\/\/encuentroinformativo.com.mx\/index.php?rest_route=\/wp\/v2\/posts\/21032\/revisions\/21034"}],"wp:featuredmedia":[{"embeddable":true,"href":"https:\/\/encuentroinformativo.com.mx\/index.php?rest_route=\/wp\/v2\/media\/21033"}],"wp:attachment":[{"href":"https:\/\/encuentroinformativo.com.mx\/index.php?rest_route=%2Fwp%2Fv2%2Fmedia&parent=21032"}],"wp:term":[{"taxonomy":"category","embeddable":true,"href":"https:\/\/encuentroinformativo.com.mx\/index.php?rest_route=%2Fwp%2Fv2%2Fcategories&post=21032"},{"taxonomy":"post_tag","embeddable":true,"href":"https:\/\/encuentroinformativo.com.mx\/index.php?rest_route=%2Fwp%2Fv2%2Ftags&post=21032"}],"curies":[{"name":"wp","href":"https:\/\/api.w.org\/{rel}","templated":true}]}}