{"id":21035,"date":"2021-12-06T16:01:28","date_gmt":"2021-12-06T22:01:28","guid":{"rendered":"https:\/\/encuentroinformativo.com.mx\/?p=21035"},"modified":"2021-12-06T16:01:31","modified_gmt":"2021-12-06T22:01:31","slug":"buscan-activar-xallitic-como-punto-de-ventas-informa-regidor","status":"publish","type":"post","link":"https:\/\/encuentroinformativo.com.mx\/?p=21035","title":{"rendered":"Buscan activar Xallitic como punto de ventas, informa regidor"},"content":{"rendered":"\n<p><strong>Dar\u00edo Pale<\/strong><\/p>\n\n\n\n<p>Xalapa, Ver.- El regidor XI del ayuntamiento de Xalapa Francisco Javier Gonz\u00e1lez Villag\u00f3mez titular de la Comisi\u00f3n de Comercio, dio a conocer que el \u00e1rea de Comercio del Ayuntamiento contin\u00faa en pl\u00e1ticas con los representantes de distintas organizaciones de comerciantes para evitar que se instalen en la v\u00eda p\u00fablica.<\/p>\n\n\n\n<p>Entrevistado posterior a la inauguraci\u00f3n de la venta por parte de artesanos en los pasillos de Palacio Municipal dio a conocer que buscan que los comerciantes de la Plaza Clavijero y otras zonas del centro de la ciudad no vendan en las banquetas, para ello les ofrecieron calles aleda\u00f1as y la explanada de Xallitic, en la misma zona centro.<\/p>\n\n\n\n<p>&#8220;Se va a reactivar nuevamente el Xallitic, que es un lugar muy emblem\u00e1tico que adem\u00e1s nos puede servir como punto de venta para algunos comerciantes que se quieran instalar ah\u00ed. Lo estamos ofreciendo para que puedan hacerlo ah\u00ed y otros espacios comunes como Los Sauces&#8221; se\u00f1al\u00f3.<\/p>\n\n\n\n<p>Sobre los locatarios de Plaza Clavijero, que en su mayor\u00eda venden productos electr\u00f3nicos, dijo que se les ofrecieron otras calles, sin que hasta ahora se concrete su reubicaci\u00f3n.<\/p>\n\n\n\n<p>&#8220;Estamos platicando con ellos para poderlos reubicar para que lo hagan de manera ordenada, a lo mejor no es en Clavijero, sino en una arteria aleda\u00f1a. Estamos tratando de platicar con ellos&#8221;.<\/p>\n\n\n\n<p>Sobre el comercio en la zona aleda\u00f1a a la Bas\u00edlica Menor de El Dique, confirm\u00f3 los permisos para la venta de comida en dicha inmediaci\u00f3n, adem\u00e1s de que nuevamente se permitir\u00e1 la instalaci\u00f3n de fot\u00f3grafos para que ofrezcan el recuerdo de la visita a la Virgen de Guadalupe.<\/p>\n\n\n\n<p>\u201cLa idea es que sea de manera organizada, un orden. Ya se est\u00e1n llevando a cabo las pl\u00e1ticas con las organizaciones para que se lleve a cabo evento del 12 de diciembre, los eventos navide\u00f1os, de juguetes. Ya se est\u00e1 platicando con los interesados para poderlos reubicar en lugares donde no molesten la vialidad y puedan ofertas sus productos. Venta de antojitos, las c\u00e1maras fotogr\u00e1ficas tradicionales para los ni\u00f1os, eso s\u00ed va a estar. Ya hubo una reuni\u00f3n con Protecci\u00f3n Civil estatal y municipal, \u00e1rea de Comercio&#8221;, coment\u00f3.<\/p>\n\n\n\n<p>Finalmente confirm\u00f3 tambi\u00e9n la instalaci\u00f3n de la Feria del Juguete en el Campo Deportivo Ferrocarrilero, donde usualmente se instala con motivo de la Navidad y D\u00eda de Reyes.<\/p>\n","protected":false},"excerpt":{"rendered":"<p>Dar\u00edo Pale Xalapa, Ver.- El regidor XI del ayuntamiento de Xalapa Francisco Javier Gonz\u00e1lez Villag\u00f3mez titular de la Comisi\u00f3n de Comercio, dio a conocer que el \u00e1rea de Comercio del Ayuntamiento contin\u00faa en pl\u00e1ticas con los representantes de distintas organizaciones de comerciantes para evitar que se instalen en la v\u00eda p\u00fablica. Entrevistado posterior a la [&hellip;]<\/p>\n","protected":false},"author":1,"featured_media":21036,"comment_status":"open","ping_status":"open","sticky":false,"template":"","format":"standard","meta":{"_jetpack_memberships_contains_paid_content":false,"footnotes":""},"categories":[3],"tags":[],"class_list":["post-21035","post","type-post","status-publish","format-standard","has-post-thumbnail","hentry","category-xalapa"],"jetpack_featured_media_url":"https:\/\/encuentroinformativo.com.mx\/wp-content\/uploads\/2021\/12\/7BCFAEB0-EE82-4306-B7E4-29510E824D4E.jpeg","jetpack_sharing_enabled":true,"jetpack_likes_enabled":true,"amp_enabled":true,"_links":{"self":[{"href":"https:\/\/encuentroinformativo.com.mx\/index.php?rest_route=\/wp\/v2\/posts\/21035","targetHints":{"allow":["GET"]}}],"collection":[{"href":"https:\/\/encuentroinformativo.com.mx\/index.php?rest_route=\/wp\/v2\/posts"}],"about":[{"href":"https:\/\/encuentroinformativo.com.mx\/index.php?rest_route=\/wp\/v2\/types\/post"}],"author":[{"embeddable":true,"href":"https:\/\/encuentroinformativo.com.mx\/index.php?rest_route=\/wp\/v2\/users\/1"}],"replies":[{"embeddable":true,"href":"https:\/\/encuentroinformativo.com.mx\/index.php?rest_route=%2Fwp%2Fv2%2Fcomments&post=21035"}],"version-history":[{"count":1,"href":"https:\/\/encuentroinformativo.com.mx\/index.php?rest_route=\/wp\/v2\/posts\/21035\/revisions"}],"predecessor-version":[{"id":21037,"href":"https:\/\/encuentroinformativo.com.mx\/index.php?rest_route=\/wp\/v2\/posts\/21035\/revisions\/21037"}],"wp:featuredmedia":[{"embeddable":true,"href":"https:\/\/encuentroinformativo.com.mx\/index.php?rest_route=\/wp\/v2\/media\/21036"}],"wp:attachment":[{"href":"https:\/\/encuentroinformativo.com.mx\/index.php?rest_route=%2Fwp%2Fv2%2Fmedia&parent=21035"}],"wp:term":[{"taxonomy":"category","embeddable":true,"href":"https:\/\/encuentroinformativo.com.mx\/index.php?rest_route=%2Fwp%2Fv2%2Fcategories&post=21035"},{"taxonomy":"post_tag","embeddable":true,"href":"https:\/\/encuentroinformativo.com.mx\/index.php?rest_route=%2Fwp%2Fv2%2Ftags&post=21035"}],"curies":[{"name":"wp","href":"https:\/\/api.w.org\/{rel}","templated":true}]}}