{"id":21039,"date":"2021-12-06T20:09:30","date_gmt":"2021-12-07T02:09:30","guid":{"rendered":"https:\/\/encuentroinformativo.com.mx\/?p=21039"},"modified":"2021-12-06T20:09:34","modified_gmt":"2021-12-07T02:09:34","slug":"acusan-a-javier-n-de-desaparicion-forzada","status":"publish","type":"post","link":"https:\/\/encuentroinformativo.com.mx\/?p=21039","title":{"rendered":"Acusan a Javier \u201cN\u201d de desaparici\u00f3n forzada"},"content":{"rendered":"\n<p><strong>Juan Arcos<\/strong> <\/p>\n\n\n\n<p>Xalapa, Ver.- La Fiscal\u00eda General del Estado de Veracruz (FGE) ejecut\u00f3 una orden de aprehensi\u00f3n en contra del exgobernador Javier Duarte de Ochoa por su probable responsabilidad en el delito de desaparici\u00f3n forzada de personas.<\/p>\n\n\n\n<p>La Fiscal\u00eda General de Justicia de la Ciudad de M\u00e9xico (FGJCDMX) inform\u00f3 que, agentes de la Polic\u00eda de Investigaci\u00f3n (PDI) apoyaron a personal de la FGE, en el cumplimiento de una orden de aprehensi\u00f3n contra el exservidor p\u00fablico.<\/p>\n\n\n\n<p>De acuerdo con la investigaci\u00f3n, el exmandatario priista est\u00e1 posiblemente relacionado con el hallazgo de los restos de varias personas en el municipio de Emiliano Zapata, una zona conurbada con la ciudad de Xalapa, donde se ha denunciado la desaparici\u00f3n de personas en retenes policiacos.<\/p>\n\n\n\n<p>El cumplimiento del mandato judicial se realiz\u00f3 conforme al debido proceso y derecho en el \u00e1rea jur\u00eddica del Reclusorio Norte de la Ciudad de M\u00e9xico, donde actualmente se encuentra recluido el individuo, cumpliendo una pena de nueve a\u00f1os por los delitos de asociaci\u00f3n delictuosa y lavado de dinero.<\/p>\n\n\n\n<p>La Fiscal\u00eda de CDMX detall\u00f3 en un comunicado que el individuo se neg\u00f3 a firmar el documento, por lo que se solicitaron videograbaciones para que se constatara la notificaci\u00f3n de la orden de aprehensi\u00f3n.<\/p>\n\n\n\n<p>\u201cA la persona mencionada en este comunicado se le presume inocente y ser\u00e1 tratada como tal en todas las etapas del procedimiento, mientras no se declare su responsabilidad mediante sentencia emitida por el \u00d3rgano jurisdiccional, en los t\u00e9rminos se\u00f1alados en el C\u00f3digo Nacional de Procedimientos Penales\u201d, se lee.<\/p>\n\n\n\n<p>Colectivos de familiares de desaparecidos han presentado denuncias penales donde se\u00f1alan a Duarte de Ochoa de dicho delito, as\u00ed como a Arturo Berm\u00fadez Zurita, extitular de la Secretar\u00eda de Seguridad P\u00fablica (SSP).<\/p>\n\n\n\n<p>Incluso, han realizado manifestaciones en distintos puntos de la entidad para exigir a las autoridades que los exfuncionarios fuesen investigados por el delito de desaparici\u00f3n forzada.<\/p>\n\n\n\n<p>\u201cLa noticia est\u00e1 llegando a las personas que tenemos un familiar desaparecido. Esta noticia de la detenci\u00f3n de Duarte ahora por desaparici\u00f3n forzada, esperamos que sea as\u00ed y que la Fiscal\u00eda del Estado haga lo que deba de hacer\u201d, comentaron integrantes del colectivo Familiares Enlaces Xalapa.<\/p>\n","protected":false},"excerpt":{"rendered":"<p>Juan Arcos Xalapa, Ver.- La Fiscal\u00eda General del Estado de Veracruz (FGE) ejecut\u00f3 una orden de aprehensi\u00f3n en contra del exgobernador Javier Duarte de Ochoa por su probable responsabilidad en el delito de desaparici\u00f3n forzada de personas. La Fiscal\u00eda General de Justicia de la Ciudad de M\u00e9xico (FGJCDMX) inform\u00f3 que, agentes de la Polic\u00eda de [&hellip;]<\/p>\n","protected":false},"author":1,"featured_media":21040,"comment_status":"open","ping_status":"open","sticky":false,"template":"","format":"standard","meta":{"_jetpack_memberships_contains_paid_content":false,"footnotes":""},"categories":[12],"tags":[],"class_list":["post-21039","post","type-post","status-publish","format-standard","has-post-thumbnail","hentry","category-nacional"],"jetpack_featured_media_url":"https:\/\/encuentroinformativo.com.mx\/wp-content\/uploads\/2021\/12\/2CB9BF87-8B2E-4F25-8351-BDCEA717BB79.jpeg","jetpack_sharing_enabled":true,"jetpack_likes_enabled":true,"amp_enabled":true,"_links":{"self":[{"href":"https:\/\/encuentroinformativo.com.mx\/index.php?rest_route=\/wp\/v2\/posts\/21039","targetHints":{"allow":["GET"]}}],"collection":[{"href":"https:\/\/encuentroinformativo.com.mx\/index.php?rest_route=\/wp\/v2\/posts"}],"about":[{"href":"https:\/\/encuentroinformativo.com.mx\/index.php?rest_route=\/wp\/v2\/types\/post"}],"author":[{"embeddable":true,"href":"https:\/\/encuentroinformativo.com.mx\/index.php?rest_route=\/wp\/v2\/users\/1"}],"replies":[{"embeddable":true,"href":"https:\/\/encuentroinformativo.com.mx\/index.php?rest_route=%2Fwp%2Fv2%2Fcomments&post=21039"}],"version-history":[{"count":1,"href":"https:\/\/encuentroinformativo.com.mx\/index.php?rest_route=\/wp\/v2\/posts\/21039\/revisions"}],"predecessor-version":[{"id":21041,"href":"https:\/\/encuentroinformativo.com.mx\/index.php?rest_route=\/wp\/v2\/posts\/21039\/revisions\/21041"}],"wp:featuredmedia":[{"embeddable":true,"href":"https:\/\/encuentroinformativo.com.mx\/index.php?rest_route=\/wp\/v2\/media\/21040"}],"wp:attachment":[{"href":"https:\/\/encuentroinformativo.com.mx\/index.php?rest_route=%2Fwp%2Fv2%2Fmedia&parent=21039"}],"wp:term":[{"taxonomy":"category","embeddable":true,"href":"https:\/\/encuentroinformativo.com.mx\/index.php?rest_route=%2Fwp%2Fv2%2Fcategories&post=21039"},{"taxonomy":"post_tag","embeddable":true,"href":"https:\/\/encuentroinformativo.com.mx\/index.php?rest_route=%2Fwp%2Fv2%2Ftags&post=21039"}],"curies":[{"name":"wp","href":"https:\/\/api.w.org\/{rel}","templated":true}]}}