{"id":21046,"date":"2021-12-07T11:03:37","date_gmt":"2021-12-07T17:03:37","guid":{"rendered":"https:\/\/encuentroinformativo.com.mx\/?p=21046"},"modified":"2021-12-07T11:03:40","modified_gmt":"2021-12-07T17:03:40","slug":"protestan-en-alvarado-reclaman-abasto-de-agua","status":"publish","type":"post","link":"https:\/\/encuentroinformativo.com.mx\/?p=21046","title":{"rendered":"Protestan en Alvarado, reclaman abasto de agua"},"content":{"rendered":"\n<p><strong>Alejandro \u00c1vila<\/strong><\/p>\n\n\n\n<p>Alvarado, Ver.- Poco menos del 50 por ciento de las colonias de la cabecera municipal de Alvarado se quedaron sin agua desde hace d\u00edas por el colapso del Pozo 5 ubicado en la calle Joaqu\u00edn Mart\u00ednez, donde qued\u00f3 atrapada una bomba y tuber\u00eda; la Comisi\u00f3n de Agua del Estado de Veracruz (CAEV) delegaci\u00f3n Alvarado, les inform\u00f3 a los ciudadanos que la reparaci\u00f3n al cien por ciento tardar\u00eda de 3 a 5 meses.<\/p>\n\n\n\n<p>Ante esta situaci\u00f3n, una comitiva de vecinos se manifest\u00f3 la ma\u00f1ana de este martes 7 de diciembre en las oficinas de CAEV Alvarado.<\/p>\n\n\n\n<p>Si bien el personal de CAEV declar\u00f3 que una de las situaciones que afectan al municipio es el adeudo de agua de casi el 60 por ciento de la poblaci\u00f3n, los ciudadanos de colonias populares se\u00f1alaron que es incre\u00edble que, en la Riviera Veracruzana, la zona de mayor plusval\u00eda no solo del municipio, sino del Estado de Veracruz, tambi\u00e9n existen adeudos, pero ellos nunca se quedan sin agua, mientras que el resto de los alvarade\u00f1os sufren cada que colapsa un pozo, algo que apuntaron es recurrente.<\/p>\n\n\n\n<p>Uno de los afectados explic\u00f3 a detalle el problema de agua en Alvarado, donde la infraestructura es a\u00f1eja y ya est\u00e1 obsoleta. El ciudadano relat\u00f3 que, a la llegada de Octavio Ruiz Barroso a la alcald\u00eda, se tuvo que regresar la administraci\u00f3n del agua al Estado, pues de forma municipal era insostenible debido al c\u00famulo de deudas y la poca infraestructura, desde esa fecha, la CAEV solo sobrelleva el trabajo, pero no invierte, apunt\u00f3.<\/p>\n\n\n\n<p>Relat\u00f3 que, en aquella administraci\u00f3n, se destin\u00f3 una comisi\u00f3n integrada por Obras P\u00fablicas, Desarrollo Urbano y Secretar\u00eda de Infraestructura del Municipio para gestionar recursos ante la CONAGUA y poder modernizar el sistema de alcantarillado y agua potable de Alvarado.<\/p>\n\n\n\n<p>\u201cNos llevamos la sorpresa que, desde la administraci\u00f3n de Bogar Ruiz Rosas (primera), se dejaron de pagar los derechos de uso de agua a la Comisi\u00f3n Nacional de Agua. A la fecha del 2014 se le deb\u00eda a CONAGUA cerca de 2 millones 800 mil pesos, al d\u00eda de hoy no sabemos cuando es, pero no se ha pagado, ese es el principal motivo por el cual Alvarado no puede proceder o acceder a los recursos que CONAGUA otorga, para modernizaci\u00f3n, construcci\u00f3n y eficientizaci\u00f3n del sistema h\u00eddrico del drenaje de Alvarado, ese es el motivo por el cual Alvarado est\u00e1 vetado, no se puede hacer ninguna gesti\u00f3n\u201d, subray\u00f3.<\/p>\n\n\n\n<p>Un elemento de CAEV Alvarado quien recibi\u00f3 a los quejosos, dijo durante la manifestaci\u00f3n que llegar\u00edan una pipa de CONAGUA procedente de Coatzacoalcos, y otra de la Secretar\u00eda de Protecci\u00f3n Civil, para poder apoyar en la repartici\u00f3n de agua y as\u00ed dar soluci\u00f3n temporal al problema; aunque aclar\u00f3 que la obra tardar\u00eda casi 5 meses en quedar reparada.<\/p>\n\n\n\n<p>\u201cSe puede construir un pozo y pedir el cambio de coordenadas, del pozo 5 de Joaqu\u00edn Mart\u00ednez al nuevo que se hizo, pero bajo la validaci\u00f3n de CONAGUA, pero al tener esos adeudos de no pago de derechos del consumo de agua desde el 2008, CONAGUA tiene vetado a Alvarado. Entonces ning\u00fan permiso se le puede otorgar a Alvarado\u201d, remat\u00f3 uno de los ciudadanos afectados.<\/p>\n","protected":false},"excerpt":{"rendered":"<p>Alejandro \u00c1vila Alvarado, Ver.- Poco menos del 50 por ciento de las colonias de la cabecera municipal de Alvarado se quedaron sin agua desde hace d\u00edas por el colapso del Pozo 5 ubicado en la calle Joaqu\u00edn Mart\u00ednez, donde qued\u00f3 atrapada una bomba y tuber\u00eda; la Comisi\u00f3n de Agua del Estado de Veracruz (CAEV) delegaci\u00f3n [&hellip;]<\/p>\n","protected":false},"author":1,"featured_media":21047,"comment_status":"open","ping_status":"open","sticky":false,"template":"","format":"standard","meta":{"_jetpack_memberships_contains_paid_content":false,"footnotes":""},"categories":[2],"tags":[],"class_list":["post-21046","post","type-post","status-publish","format-standard","has-post-thumbnail","hentry","category-estado"],"jetpack_featured_media_url":"https:\/\/encuentroinformativo.com.mx\/wp-content\/uploads\/2021\/12\/B1C09E32-1AFD-4A0E-8C6E-2312A6E8519A.jpeg","jetpack_sharing_enabled":true,"jetpack_likes_enabled":true,"amp_enabled":true,"_links":{"self":[{"href":"https:\/\/encuentroinformativo.com.mx\/index.php?rest_route=\/wp\/v2\/posts\/21046","targetHints":{"allow":["GET"]}}],"collection":[{"href":"https:\/\/encuentroinformativo.com.mx\/index.php?rest_route=\/wp\/v2\/posts"}],"about":[{"href":"https:\/\/encuentroinformativo.com.mx\/index.php?rest_route=\/wp\/v2\/types\/post"}],"author":[{"embeddable":true,"href":"https:\/\/encuentroinformativo.com.mx\/index.php?rest_route=\/wp\/v2\/users\/1"}],"replies":[{"embeddable":true,"href":"https:\/\/encuentroinformativo.com.mx\/index.php?rest_route=%2Fwp%2Fv2%2Fcomments&post=21046"}],"version-history":[{"count":1,"href":"https:\/\/encuentroinformativo.com.mx\/index.php?rest_route=\/wp\/v2\/posts\/21046\/revisions"}],"predecessor-version":[{"id":21048,"href":"https:\/\/encuentroinformativo.com.mx\/index.php?rest_route=\/wp\/v2\/posts\/21046\/revisions\/21048"}],"wp:featuredmedia":[{"embeddable":true,"href":"https:\/\/encuentroinformativo.com.mx\/index.php?rest_route=\/wp\/v2\/media\/21047"}],"wp:attachment":[{"href":"https:\/\/encuentroinformativo.com.mx\/index.php?rest_route=%2Fwp%2Fv2%2Fmedia&parent=21046"}],"wp:term":[{"taxonomy":"category","embeddable":true,"href":"https:\/\/encuentroinformativo.com.mx\/index.php?rest_route=%2Fwp%2Fv2%2Fcategories&post=21046"},{"taxonomy":"post_tag","embeddable":true,"href":"https:\/\/encuentroinformativo.com.mx\/index.php?rest_route=%2Fwp%2Fv2%2Ftags&post=21046"}],"curies":[{"name":"wp","href":"https:\/\/api.w.org\/{rel}","templated":true}]}}