{"id":21049,"date":"2021-12-07T11:23:58","date_gmt":"2021-12-07T17:23:58","guid":{"rendered":"https:\/\/encuentroinformativo.com.mx\/?p=21049"},"modified":"2021-12-07T11:24:02","modified_gmt":"2021-12-07T17:24:02","slug":"formalizan-entrega-recepcion-para-medellin-de-bravo","status":"publish","type":"post","link":"https:\/\/encuentroinformativo.com.mx\/?p=21049","title":{"rendered":"Formalizan entrega &#8211; recepci\u00f3n para Medell\u00edn de Bravo"},"content":{"rendered":"\n<p><strong>Alejandro \u00c1vila<\/strong><\/p>\n\n\n\n<p>Medell\u00edn de Bravo, Ver.- El alcalde electo de Medell\u00edn de Bravo, Marcos Isle\u00f1o Andrade, entreg\u00f3 este lunes el oficio que formaliza el proceso de entrega &#8211; recepci\u00f3n de la administraci\u00f3n p\u00fablica de este municipio; de la misma manera, se dio a conocer el Comit\u00e9 de Recepci\u00f3n del , dando pie a la alcalde electo.<\/p>\n\n\n\n<p>Dicho documento fue dirigido al alcalde saliente, Hip\u00f3lito Deschamps Espino Barros, el fue entregado y sellado de recibido en la oficina de presidencia; cabe mencionar que, la Ley para la Entrega Recepci\u00f3n del Poder Ejecutivo y la Administraci\u00f3n P\u00fablica Municipal establece que durante el mes de diciembre -por lo menos- se debe tener una reuni\u00f3n de transici\u00f3n entre ambos comit\u00e9s.<\/p>\n\n\n\n<p>Por parte del alcalde electo, Marcos Isle\u00f1o Andrade, se detallan los nombres de quienes integran su comit\u00e9 de transici\u00f3n, siendo el siguiente:<\/p>\n\n\n\n<p>1.- Marcos Isle\u00f1o Andrade. &#8211; Presidente<\/p>\n\n\n\n<p>2.- Concepci\u00f3n Cruz Santos. \u2013 Vicepresidenta<\/p>\n\n\n\n<p>3.- David Alem\u00e1n Ocampo- &#8211; Vocal<\/p>\n\n\n\n<p>4.- Anah\u00ed Serna Llinas. \u2013 Vocal<\/p>\n\n\n\n<p>5.- Rub\u00e9n Jim\u00e9nez. \u2013 Vocal<\/p>\n\n\n\n<p>6.- Patricia Ram\u00edrez Silva. \u2013 Vocal<\/p>\n\n\n\n<p>7.- Edgar Oropeza L\u00f3pez. \u2013 Vocal<\/p>\n\n\n\n<p>8.- Iv\u00e1n Dom\u00ednguez Fern\u00e1ndez. \u2013 Vocal<\/p>\n\n\n\n<p>A trav\u00e9s de sus redes sociales, Isle\u00f1o Andrade inform\u00f3 a los ciudadanos de Medell\u00edn de Bravo sobre la realizaci\u00f3n del tr\u00e1mite en menci\u00f3n, destacando que su administraci\u00f3n est\u00e1 y estar\u00e1 siempre del lado del pueblo.<\/p>\n\n\n\n<p>\u201cMe dirijo a ustedes que me apoyaron y que con su voto me brindaron su confianza, reiter\u00e1ndoles que mi equipo y un servidor estamos del lado del pueblo y haremos valer su derecho, supervisando y cuidando cada recurso que fue ejecutado por la administraci\u00f3n saliente encabezada por Hip\u00f3lito Deschamps. Es mi responsabilidad velar por los intereses de mi pueblo\u201d, expres\u00f3 el edil que presidir\u00e1 en los pr\u00f3ximos cuatro a\u00f1os la administraci\u00f3n medellinense.<\/p>\n","protected":false},"excerpt":{"rendered":"<p>Alejandro \u00c1vila Medell\u00edn de Bravo, Ver.- El alcalde electo de Medell\u00edn de Bravo, Marcos Isle\u00f1o Andrade, entreg\u00f3 este lunes el oficio que formaliza el proceso de entrega &#8211; recepci\u00f3n de la administraci\u00f3n p\u00fablica de este municipio; de la misma manera, se dio a conocer el Comit\u00e9 de Recepci\u00f3n del , dando pie a la alcalde [&hellip;]<\/p>\n","protected":false},"author":1,"featured_media":21050,"comment_status":"open","ping_status":"open","sticky":false,"template":"","format":"standard","meta":{"_jetpack_memberships_contains_paid_content":false,"footnotes":""},"categories":[2],"tags":[],"class_list":["post-21049","post","type-post","status-publish","format-standard","has-post-thumbnail","hentry","category-estado"],"jetpack_featured_media_url":"https:\/\/encuentroinformativo.com.mx\/wp-content\/uploads\/2021\/12\/951FFD53-8B90-401C-843A-140A5B8FA885.jpeg","jetpack_sharing_enabled":true,"jetpack_likes_enabled":true,"amp_enabled":true,"_links":{"self":[{"href":"https:\/\/encuentroinformativo.com.mx\/index.php?rest_route=\/wp\/v2\/posts\/21049","targetHints":{"allow":["GET"]}}],"collection":[{"href":"https:\/\/encuentroinformativo.com.mx\/index.php?rest_route=\/wp\/v2\/posts"}],"about":[{"href":"https:\/\/encuentroinformativo.com.mx\/index.php?rest_route=\/wp\/v2\/types\/post"}],"author":[{"embeddable":true,"href":"https:\/\/encuentroinformativo.com.mx\/index.php?rest_route=\/wp\/v2\/users\/1"}],"replies":[{"embeddable":true,"href":"https:\/\/encuentroinformativo.com.mx\/index.php?rest_route=%2Fwp%2Fv2%2Fcomments&post=21049"}],"version-history":[{"count":1,"href":"https:\/\/encuentroinformativo.com.mx\/index.php?rest_route=\/wp\/v2\/posts\/21049\/revisions"}],"predecessor-version":[{"id":21051,"href":"https:\/\/encuentroinformativo.com.mx\/index.php?rest_route=\/wp\/v2\/posts\/21049\/revisions\/21051"}],"wp:featuredmedia":[{"embeddable":true,"href":"https:\/\/encuentroinformativo.com.mx\/index.php?rest_route=\/wp\/v2\/media\/21050"}],"wp:attachment":[{"href":"https:\/\/encuentroinformativo.com.mx\/index.php?rest_route=%2Fwp%2Fv2%2Fmedia&parent=21049"}],"wp:term":[{"taxonomy":"category","embeddable":true,"href":"https:\/\/encuentroinformativo.com.mx\/index.php?rest_route=%2Fwp%2Fv2%2Fcategories&post=21049"},{"taxonomy":"post_tag","embeddable":true,"href":"https:\/\/encuentroinformativo.com.mx\/index.php?rest_route=%2Fwp%2Fv2%2Ftags&post=21049"}],"curies":[{"name":"wp","href":"https:\/\/api.w.org\/{rel}","templated":true}]}}