{"id":21052,"date":"2021-12-07T11:35:14","date_gmt":"2021-12-07T17:35:14","guid":{"rendered":"https:\/\/encuentroinformativo.com.mx\/?p=21052"},"modified":"2021-12-07T11:35:17","modified_gmt":"2021-12-07T17:35:17","slug":"colectivos-reclaman-proceder-contra-ex-secretario-de-seguridad","status":"publish","type":"post","link":"https:\/\/encuentroinformativo.com.mx\/?p=21052","title":{"rendered":"Colectivos reclaman proceder contra ex secretario de Seguridad"},"content":{"rendered":"\n<p><strong>Juan Arcos<\/strong><\/p>\n\n\n\n<p>Xalapa, Ver.- Colectivos de familiares de desaparecidos se pronunciaron a favor de la ejecuci\u00f3n de una nueva orden de aprehensi\u00f3n contra el exgobernador Javier \u201cN\u201d, en este caso por su presunta responsabilidad en el delito de desaparici\u00f3n forzada de personas.<\/p>\n\n\n\n<p>Sin embargo, exigieron a la Fiscal\u00eda General del Estado (FGE) que se proceda de la misma manera contra el extitular de la Secretar\u00eda de Seguridad P\u00fablica (SSP), Arturo Berm\u00fadez Zurita, se\u00f1alado de tener v\u00ednculos con grupos delictivos que desaparec\u00edan personas.<\/p>\n\n\n\n<p>De acuerdo con Carlos Salda\u00f1a Grajales, integrantes del colectivo Familiares Enlaces Xalapa, es necesario que tambi\u00e9n se ejecuten \u00f3rdenes de aprehensi\u00f3n contra los fiscales que fueron omisos en las investigaciones de cada caso de desaparecidos.<\/p>\n\n\n\n<p>\u201cTodos sabemos de ese cinismo con el que siempre se comport\u00f3 el exgobernador Javier Duarte de Ochoa cuando se le cuestionaba o se le hac\u00edan se\u00f1alamientos sobre sus autoridades, en el caso de Berm\u00fadez Zurita\u201d.<\/p>\n\n\n\n<p>\u00c9l busca a sus hijos Karla Nallely Salda\u00f1a Grajales y Jes\u00fas Alberto Estrada Mart\u00ednez, quienes desaparecieron el 29 de noviembre de 2011, en la zona de antros de Xalapa, cuando Duarte era gobernador y Berm\u00fadez estaba al frente de la SSP.<\/p>\n\n\n\n<p>El activista repudi\u00f3 que el exmandatario estatal del Partido Revolucionario Institucional (PRI) en su momento haya reconocido que su Secretario de Seguridad ten\u00eda m\u00e1s poder que \u00e9l mismo.<\/p>\n\n\n\n<p>\u201cDuarte lleg\u00f3 a declarar que Berm\u00fadez ten\u00eda tanto poder, en una declaraci\u00f3n dijo, cuando se ped\u00eda la destituci\u00f3n de Berm\u00fadez, que no lo pod\u00eda correr, que era m\u00e1s probable que primero se fuera \u00e9l y dejara de ser gobernador a que se fuera Arturo Berm\u00fadez Zurita. \u00c9l sab\u00eda de la complicidad de Zurita con los grupos delincuenciales en el caso de las desapariciones\u201d.<\/p>\n\n\n\n<p>Cabe recordar que la defensa de Javier Duarte neg\u00f3 que se haya ejecutado una nueva orden de aprehensi\u00f3n contra su representado, ahora por el delito de desaparici\u00f3n forzada.<\/p>\n\n\n\n<p>El exgobernador cumple una condena de nueve a\u00f1os en el Reclusorio Norte de la Ciudad de M\u00e9xico por lo delitos de lavado de dinero y asociaci\u00f3n delictuosa.<\/p>\n\n\n\n<p>Mientras que el exsecretario de Seguridad P\u00fablica de Veracruz estuvo preso varios meses en el penal de Pacho Viejo, municipio de Coatepec, por los delitos de enriquecimiento il\u00edcito, abuso de autoridad y peculado; sin embargo, ahora est\u00e1 libre.<\/p>\n\n\n\n<p>Por tal motivo, los colectivos de familiares de desaparecidos continuar\u00e1n exigiendo justicia al actual gobierno morenista.<\/p>\n","protected":false},"excerpt":{"rendered":"<p>Juan Arcos Xalapa, Ver.- Colectivos de familiares de desaparecidos se pronunciaron a favor de la ejecuci\u00f3n de una nueva orden de aprehensi\u00f3n contra el exgobernador Javier \u201cN\u201d, en este caso por su presunta responsabilidad en el delito de desaparici\u00f3n forzada de personas. Sin embargo, exigieron a la Fiscal\u00eda General del Estado (FGE) que se proceda [&hellip;]<\/p>\n","protected":false},"author":1,"featured_media":21053,"comment_status":"open","ping_status":"open","sticky":false,"template":"","format":"standard","meta":{"_jetpack_memberships_contains_paid_content":false,"footnotes":""},"categories":[3],"tags":[],"class_list":["post-21052","post","type-post","status-publish","format-standard","has-post-thumbnail","hentry","category-xalapa"],"jetpack_featured_media_url":"https:\/\/encuentroinformativo.com.mx\/wp-content\/uploads\/2021\/12\/33964098-86C0-42A6-9DBF-2A673B4FC5C2.jpeg","jetpack_sharing_enabled":true,"jetpack_likes_enabled":true,"amp_enabled":true,"_links":{"self":[{"href":"https:\/\/encuentroinformativo.com.mx\/index.php?rest_route=\/wp\/v2\/posts\/21052","targetHints":{"allow":["GET"]}}],"collection":[{"href":"https:\/\/encuentroinformativo.com.mx\/index.php?rest_route=\/wp\/v2\/posts"}],"about":[{"href":"https:\/\/encuentroinformativo.com.mx\/index.php?rest_route=\/wp\/v2\/types\/post"}],"author":[{"embeddable":true,"href":"https:\/\/encuentroinformativo.com.mx\/index.php?rest_route=\/wp\/v2\/users\/1"}],"replies":[{"embeddable":true,"href":"https:\/\/encuentroinformativo.com.mx\/index.php?rest_route=%2Fwp%2Fv2%2Fcomments&post=21052"}],"version-history":[{"count":1,"href":"https:\/\/encuentroinformativo.com.mx\/index.php?rest_route=\/wp\/v2\/posts\/21052\/revisions"}],"predecessor-version":[{"id":21054,"href":"https:\/\/encuentroinformativo.com.mx\/index.php?rest_route=\/wp\/v2\/posts\/21052\/revisions\/21054"}],"wp:featuredmedia":[{"embeddable":true,"href":"https:\/\/encuentroinformativo.com.mx\/index.php?rest_route=\/wp\/v2\/media\/21053"}],"wp:attachment":[{"href":"https:\/\/encuentroinformativo.com.mx\/index.php?rest_route=%2Fwp%2Fv2%2Fmedia&parent=21052"}],"wp:term":[{"taxonomy":"category","embeddable":true,"href":"https:\/\/encuentroinformativo.com.mx\/index.php?rest_route=%2Fwp%2Fv2%2Fcategories&post=21052"},{"taxonomy":"post_tag","embeddable":true,"href":"https:\/\/encuentroinformativo.com.mx\/index.php?rest_route=%2Fwp%2Fv2%2Ftags&post=21052"}],"curies":[{"name":"wp","href":"https:\/\/api.w.org\/{rel}","templated":true}]}}