{"id":21063,"date":"2021-12-07T14:03:06","date_gmt":"2021-12-07T20:03:06","guid":{"rendered":"https:\/\/encuentroinformativo.com.mx\/?p=21063"},"modified":"2021-12-07T14:03:08","modified_gmt":"2021-12-07T20:03:08","slug":"detienen-a-conductor-de-autobus-por-manejar-en-estado-de-ebriedad","status":"publish","type":"post","link":"https:\/\/encuentroinformativo.com.mx\/?p=21063","title":{"rendered":"Detienen a conductor de autob\u00fas por manejar en estado de ebriedad"},"content":{"rendered":"\n<p><strong>Alejandro \u00c1vila<\/strong><\/p>\n\n\n\n<p>C\u00f3rdoba, Ver.- El conductor de un autob\u00fas de la l\u00ednea Plateados con n\u00famero econ\u00f3mico 41, fue detenido por elementos de Tr\u00e1nsito Municipal, tras circular de manera temeraria por las calles de la ciudad de C\u00f3rdoba, causando el p\u00e1nico entre pasajeros y ciudadanos.<\/p>\n\n\n\n<p>Al ser detenida su unidad, el sujeto se neg\u00f3 a descender de ella y cuando un oficial de Tr\u00e1nsito intent\u00f3 intervenirlo, fue disparado al recibir una patada por parte del conductor, por lo que llegaron refuerzos y a golpes lograron bajar al chofer del veh\u00edculo.<\/p>\n\n\n\n<p>Finalmente, los elementos de Tr\u00e1nsito Municipal lograron maniatar al exasperado conductor y tras someterlo fue entregado a la patrulla del Mando \u00danico, mismo que traslad\u00f3 al conductor a los separos de la ciudad de C\u00f3rdoba para que se le finquen las responsabilidades correspondientes.<\/p>\n\n\n\n<p>Los uniformados se\u00f1alaron que los posibles cargos ser\u00e1n, manejar en estado de ebriedad, poner en riesgo la vida de los pasajeros y ultrajes a la autoridad.<\/p>\n\n\n\n<p>Pasajeros denunciaron los hechos momentos despu\u00e9s de casi atropellar a unas personas unas calles antes y arrancar de forma abrupta en otra, dejando caer a dos adultos mayores.<\/p>\n\n\n\n<p>La l\u00ednea que traslada a ciudadanos entre C\u00f3rdoba y el Tianguis de la ciudad de Fort\u00edn, hab\u00eda cambiado su ruta por el estado et\u00edlico que presentaba el conductor.<\/p>\n","protected":false},"excerpt":{"rendered":"<p>Alejandro \u00c1vila C\u00f3rdoba, Ver.- El conductor de un autob\u00fas de la l\u00ednea Plateados con n\u00famero econ\u00f3mico 41, fue detenido por elementos de Tr\u00e1nsito Municipal, tras circular de manera temeraria por las calles de la ciudad de C\u00f3rdoba, causando el p\u00e1nico entre pasajeros y ciudadanos. Al ser detenida su unidad, el sujeto se neg\u00f3 a descender [&hellip;]<\/p>\n","protected":false},"author":1,"featured_media":21064,"comment_status":"open","ping_status":"open","sticky":false,"template":"","format":"standard","meta":{"_jetpack_memberships_contains_paid_content":false,"footnotes":""},"categories":[14],"tags":[],"class_list":["post-21063","post","type-post","status-publish","format-standard","has-post-thumbnail","hentry","category-policiaca"],"jetpack_featured_media_url":"https:\/\/encuentroinformativo.com.mx\/wp-content\/uploads\/2021\/12\/F6174A51-E92E-4018-BE38-4D3221F43F76.jpeg","jetpack_sharing_enabled":true,"jetpack_likes_enabled":true,"amp_enabled":true,"_links":{"self":[{"href":"https:\/\/encuentroinformativo.com.mx\/index.php?rest_route=\/wp\/v2\/posts\/21063","targetHints":{"allow":["GET"]}}],"collection":[{"href":"https:\/\/encuentroinformativo.com.mx\/index.php?rest_route=\/wp\/v2\/posts"}],"about":[{"href":"https:\/\/encuentroinformativo.com.mx\/index.php?rest_route=\/wp\/v2\/types\/post"}],"author":[{"embeddable":true,"href":"https:\/\/encuentroinformativo.com.mx\/index.php?rest_route=\/wp\/v2\/users\/1"}],"replies":[{"embeddable":true,"href":"https:\/\/encuentroinformativo.com.mx\/index.php?rest_route=%2Fwp%2Fv2%2Fcomments&post=21063"}],"version-history":[{"count":1,"href":"https:\/\/encuentroinformativo.com.mx\/index.php?rest_route=\/wp\/v2\/posts\/21063\/revisions"}],"predecessor-version":[{"id":21065,"href":"https:\/\/encuentroinformativo.com.mx\/index.php?rest_route=\/wp\/v2\/posts\/21063\/revisions\/21065"}],"wp:featuredmedia":[{"embeddable":true,"href":"https:\/\/encuentroinformativo.com.mx\/index.php?rest_route=\/wp\/v2\/media\/21064"}],"wp:attachment":[{"href":"https:\/\/encuentroinformativo.com.mx\/index.php?rest_route=%2Fwp%2Fv2%2Fmedia&parent=21063"}],"wp:term":[{"taxonomy":"category","embeddable":true,"href":"https:\/\/encuentroinformativo.com.mx\/index.php?rest_route=%2Fwp%2Fv2%2Fcategories&post=21063"},{"taxonomy":"post_tag","embeddable":true,"href":"https:\/\/encuentroinformativo.com.mx\/index.php?rest_route=%2Fwp%2Fv2%2Ftags&post=21063"}],"curies":[{"name":"wp","href":"https:\/\/api.w.org\/{rel}","templated":true}]}}