{"id":21074,"date":"2021-12-07T16:22:26","date_gmt":"2021-12-07T22:22:26","guid":{"rendered":"https:\/\/encuentroinformativo.com.mx\/?p=21074"},"modified":"2021-12-07T16:22:30","modified_gmt":"2021-12-07T22:22:30","slug":"carpeta-de-javier-n-estuvo-escondida-gobernador","status":"publish","type":"post","link":"https:\/\/encuentroinformativo.com.mx\/?p=21074","title":{"rendered":"Carpeta de Javier \u201cN\u201d estuvo escondida: Gobernador"},"content":{"rendered":"\n<p>Dar\u00edo Pale<\/p>\n\n\n\n<p>Xalapa, Ver.- A t\u00edtulo personal, la carpeta de investigaci\u00f3n contra el exgobernador Javier &#8220;N&#8221; por el delito de desaparici\u00f3n forzada, fue hecha con las &#8220;patas&#8221; de manera intencional, ya que Duarte evit\u00f3 por alg\u00fan tiempo orden de aprehensi\u00f3n por desaparici\u00f3n forzada gracias a acuerdos con yunistas, as\u00ed lo afirm\u00f3 el gobernador del estado Cuitl\u00e1huac Garc\u00eda Jim\u00e9nez.<\/p>\n\n\n\n<p>En conferencia de prensa realizada en la sala de Banderas de Palacio de Gobierno, consider\u00f3 que la forma en la que el exfiscal Jorge &#8220;N&#8221; la hizo fue producto de los acuerdos que tuvieron entre el exmandatario Miguel \u00c1ngel Yunes y exservidores de la Secretar\u00eda de Gobernaci\u00f3n antes del 2018.<\/p>\n\n\n\n<p>\u201cJorge Winckler la guard\u00f3 cuando inici\u00e9 mi gobierno, y s\u00f3lo hasta la llegada de la nueva fiscal, Ver\u00f3nica Hern\u00e1ndez Giad\u00e1ns es que se retom\u00f3, sin embargo, la forma en que fue iniciada y el acuerdo de c\u00f3mo supuestamente fue detenido Javier &#8220;N&#8221; permiti\u00f3 que el imputado interpusiera procedimientos (amparos) para impedir su ejecuci\u00f3n, no en una sino en varias ocasiones&#8221;, se\u00f1al\u00f3.<\/p>\n\n\n\n<p>El titular del Ejecutivo asegur\u00f3 que todo fue premeditado para que el exgobernador pudiera evitar el cumplimiento de dicha orden de aprehensi\u00f3n, adem\u00e1s, refiri\u00f3 que uno de esos amparos fue concedido por un juez federal, por lo que no perdi\u00f3 la oportunidad de acusar nuevamente corrupci\u00f3n entre los jueces federales.<\/p>\n\n\n\n<p>&#8220;Hay jueces que otorgan amparos a diestra y siniestra donde yo dudo que sean apegados a Derecho y s\u00f3lo que no contaban que la actual fiscal busc\u00f3 la forma de cumplimentarla y finalmente lo hicieron con la Fiscal\u00eda de la Ciudad de M\u00e9xico&#8221;, coment\u00f3.<\/p>\n\n\n\n<p>Respecto de la orden de aprehensi\u00f3n contra Javier &#8220;N&#8221; por desaparici\u00f3n forzada, Garc\u00eda Jim\u00e9nez dijo que no surti\u00f3 efecto el amparo ya que fue posterior a un hecho consumado.<br>&#8220;La carpeta la hicieron mal, pero eso es mi apreciaci\u00f3n personal y la hicieron mal intencionalmente para permitir este tipo de cosas a partir de que tuvieron un acuerdo Javier N, Yunes y gente de la Secretar\u00eda de Gobernaci\u00f3n previo al 2018&#8221;, sostuvo.<\/p>\n\n\n\n<p>Finalmente, justific\u00f3 que sus dichos son con base en las pruebas como los audios filtrados entre el exfiscal anticorrupci\u00f3n, Marcos &#8220;N&#8221; y los abogados de exfuncionarios de la administraci\u00f3n de Javier &#8220;N&#8221;.<\/p>\n","protected":false},"excerpt":{"rendered":"<p>Dar\u00edo Pale Xalapa, Ver.- A t\u00edtulo personal, la carpeta de investigaci\u00f3n contra el exgobernador Javier &#8220;N&#8221; por el delito de desaparici\u00f3n forzada, fue hecha con las &#8220;patas&#8221; de manera intencional, ya que Duarte evit\u00f3 por alg\u00fan tiempo orden de aprehensi\u00f3n por desaparici\u00f3n forzada gracias a acuerdos con yunistas, as\u00ed lo afirm\u00f3 el gobernador del estado [&hellip;]<\/p>\n","protected":false},"author":1,"featured_media":21075,"comment_status":"open","ping_status":"open","sticky":false,"template":"","format":"standard","meta":{"_jetpack_memberships_contains_paid_content":false,"footnotes":""},"categories":[2],"tags":[],"class_list":["post-21074","post","type-post","status-publish","format-standard","has-post-thumbnail","hentry","category-estado"],"jetpack_featured_media_url":"https:\/\/encuentroinformativo.com.mx\/wp-content\/uploads\/2021\/12\/410C83C1-56AA-40B6-B8D8-D879F62BC02F.jpeg","jetpack_sharing_enabled":true,"jetpack_likes_enabled":true,"amp_enabled":true,"_links":{"self":[{"href":"https:\/\/encuentroinformativo.com.mx\/index.php?rest_route=\/wp\/v2\/posts\/21074","targetHints":{"allow":["GET"]}}],"collection":[{"href":"https:\/\/encuentroinformativo.com.mx\/index.php?rest_route=\/wp\/v2\/posts"}],"about":[{"href":"https:\/\/encuentroinformativo.com.mx\/index.php?rest_route=\/wp\/v2\/types\/post"}],"author":[{"embeddable":true,"href":"https:\/\/encuentroinformativo.com.mx\/index.php?rest_route=\/wp\/v2\/users\/1"}],"replies":[{"embeddable":true,"href":"https:\/\/encuentroinformativo.com.mx\/index.php?rest_route=%2Fwp%2Fv2%2Fcomments&post=21074"}],"version-history":[{"count":1,"href":"https:\/\/encuentroinformativo.com.mx\/index.php?rest_route=\/wp\/v2\/posts\/21074\/revisions"}],"predecessor-version":[{"id":21076,"href":"https:\/\/encuentroinformativo.com.mx\/index.php?rest_route=\/wp\/v2\/posts\/21074\/revisions\/21076"}],"wp:featuredmedia":[{"embeddable":true,"href":"https:\/\/encuentroinformativo.com.mx\/index.php?rest_route=\/wp\/v2\/media\/21075"}],"wp:attachment":[{"href":"https:\/\/encuentroinformativo.com.mx\/index.php?rest_route=%2Fwp%2Fv2%2Fmedia&parent=21074"}],"wp:term":[{"taxonomy":"category","embeddable":true,"href":"https:\/\/encuentroinformativo.com.mx\/index.php?rest_route=%2Fwp%2Fv2%2Fcategories&post=21074"},{"taxonomy":"post_tag","embeddable":true,"href":"https:\/\/encuentroinformativo.com.mx\/index.php?rest_route=%2Fwp%2Fv2%2Ftags&post=21074"}],"curies":[{"name":"wp","href":"https:\/\/api.w.org\/{rel}","templated":true}]}}