{"id":21083,"date":"2021-12-07T16:42:08","date_gmt":"2021-12-07T22:42:08","guid":{"rendered":"https:\/\/encuentroinformativo.com.mx\/?p=21083"},"modified":"2021-12-07T16:42:11","modified_gmt":"2021-12-07T22:42:11","slug":"por-cuarta-ocasion-roban-centro-de-atencion-infantil-en-el-coyol","status":"publish","type":"post","link":"https:\/\/encuentroinformativo.com.mx\/?p=21083","title":{"rendered":"Por cuarta ocasi\u00f3n, roban Centro de Atenci\u00f3n Infantil en El Coyol"},"content":{"rendered":"\n<p><strong>Alejandro \u00c1vila<\/strong><\/p>\n\n\n\n<p>Veracruz, Ver.- Por cuarta ocasi\u00f3n en el a\u00f1o el Centro de Atenci\u00f3n Infantil (CAI) que se ubica en la calle Laguna Tamiahua de la Unidad Habitacional el Coyol, fue robado.<\/p>\n\n\n\n<p>La psic\u00f3loga del plantel educativo infantil, Rosa Alba Hermida Mu\u00f1oz, mencion\u00f3 que los ladrones se llevaron el cableado el\u00e9ctrico, las pastillas del &#8220;break&#8221; y las puertas de dos salones.<\/p>\n\n\n\n<p>Adem\u00e1s, del \u00e1rea de la cocina, forzaron la chapa y rompieron la protecci\u00f3n; aunque ah\u00ed no pudieron entrar.<\/p>\n\n\n\n<p>La docente resalt\u00f3 que la afectaci\u00f3n principal fue en el cerco el\u00e9ctrico, ya que fue cortado y por ah\u00ed lograron entrar; incluso, coment\u00f3 que la directora de Centro Educativo Infantil acudi\u00f3 a la delegaci\u00f3n de la Fiscal\u00eda para levantar la denuncia correspondiente, y posteriormente entregarla en la ciudad de Xalapa.<\/p>\n\n\n\n<p>&#8220;Es la cuarta vez, las veces anteriores la cuant\u00eda de las cosas que se llevaron fue bastante, ahorita fue menos pero no deja de ser un robo&#8221;, agreg\u00f3.<\/p>\n\n\n\n<p>Hermida Mu\u00f1oz, destac\u00f3&nbsp; que los atracos comenzaron a mediados de a\u00f1o, y han sido &#8220;uno tras otro&#8221;; se\u00f1al\u00f3 que las videoc\u00e1maras con los que cuenta la escuela quedaron inservibles en los primeros robos.<\/p>\n\n\n\n<p>En los robos anteriores, dijo que el \u00e1rea de cocina fue totalmente saqueada, ya que hurtaron todos los electrodom\u00e9sticos y utensilios que ocupan para preparar los desayunos de los ni\u00f1os.<\/p>\n","protected":false},"excerpt":{"rendered":"<p>Alejandro \u00c1vila Veracruz, Ver.- Por cuarta ocasi\u00f3n en el a\u00f1o el Centro de Atenci\u00f3n Infantil (CAI) que se ubica en la calle Laguna Tamiahua de la Unidad Habitacional el Coyol, fue robado. La psic\u00f3loga del plantel educativo infantil, Rosa Alba Hermida Mu\u00f1oz, mencion\u00f3 que los ladrones se llevaron el cableado el\u00e9ctrico, las pastillas del &#8220;break&#8221; [&hellip;]<\/p>\n","protected":false},"author":1,"featured_media":21084,"comment_status":"open","ping_status":"open","sticky":false,"template":"","format":"standard","meta":{"_jetpack_memberships_contains_paid_content":false,"footnotes":""},"categories":[2],"tags":[],"class_list":["post-21083","post","type-post","status-publish","format-standard","has-post-thumbnail","hentry","category-estado"],"jetpack_featured_media_url":"https:\/\/encuentroinformativo.com.mx\/wp-content\/uploads\/2021\/12\/5B0E3FA7-34C5-473C-9DA8-2837E5FB372A.jpeg","jetpack_sharing_enabled":true,"jetpack_likes_enabled":true,"amp_enabled":true,"_links":{"self":[{"href":"https:\/\/encuentroinformativo.com.mx\/index.php?rest_route=\/wp\/v2\/posts\/21083","targetHints":{"allow":["GET"]}}],"collection":[{"href":"https:\/\/encuentroinformativo.com.mx\/index.php?rest_route=\/wp\/v2\/posts"}],"about":[{"href":"https:\/\/encuentroinformativo.com.mx\/index.php?rest_route=\/wp\/v2\/types\/post"}],"author":[{"embeddable":true,"href":"https:\/\/encuentroinformativo.com.mx\/index.php?rest_route=\/wp\/v2\/users\/1"}],"replies":[{"embeddable":true,"href":"https:\/\/encuentroinformativo.com.mx\/index.php?rest_route=%2Fwp%2Fv2%2Fcomments&post=21083"}],"version-history":[{"count":1,"href":"https:\/\/encuentroinformativo.com.mx\/index.php?rest_route=\/wp\/v2\/posts\/21083\/revisions"}],"predecessor-version":[{"id":21085,"href":"https:\/\/encuentroinformativo.com.mx\/index.php?rest_route=\/wp\/v2\/posts\/21083\/revisions\/21085"}],"wp:featuredmedia":[{"embeddable":true,"href":"https:\/\/encuentroinformativo.com.mx\/index.php?rest_route=\/wp\/v2\/media\/21084"}],"wp:attachment":[{"href":"https:\/\/encuentroinformativo.com.mx\/index.php?rest_route=%2Fwp%2Fv2%2Fmedia&parent=21083"}],"wp:term":[{"taxonomy":"category","embeddable":true,"href":"https:\/\/encuentroinformativo.com.mx\/index.php?rest_route=%2Fwp%2Fv2%2Fcategories&post=21083"},{"taxonomy":"post_tag","embeddable":true,"href":"https:\/\/encuentroinformativo.com.mx\/index.php?rest_route=%2Fwp%2Fv2%2Ftags&post=21083"}],"curies":[{"name":"wp","href":"https:\/\/api.w.org\/{rel}","templated":true}]}}