{"id":21088,"date":"2021-12-08T09:50:27","date_gmt":"2021-12-08T15:50:27","guid":{"rendered":"https:\/\/encuentroinformativo.com.mx\/?p=21088"},"modified":"2021-12-08T09:50:31","modified_gmt":"2021-12-08T15:50:31","slug":"detectan-tres-especies-en-peligro-de-extincion-en-arroyo-moreno","status":"publish","type":"post","link":"https:\/\/encuentroinformativo.com.mx\/?p=21088","title":{"rendered":"Detectan tres especies en peligro de extinci\u00f3n en Arroyo Moreno"},"content":{"rendered":"\n<p><strong>Alejandro \u00c1vila<\/strong><\/p>\n\n\n\n<p>Boca del R\u00edo, Ver.- La urbanizaci\u00f3n desmedida de Boca del R\u00edo y Medell\u00edn de Bravo, ha puesto en riesgo a tres especies end\u00e9micas del Manglar Arroyo Moreno, las cuales est\u00e1n ahora en peligro de extinci\u00f3n,&nbsp; a pesar de que la zona es catalogada como un \u00e1rea natural protegida.<\/p>\n\n\n\n<p>Paola Pineda de la organizaci\u00f3n Birds and Nature destac\u00f3 que lamentablemente la zona enfrenta varias amenazas, y alert\u00f3 que en caso de que no se act\u00fae pronto, la mancha urbana acabar\u00e1 con ella.&nbsp;<\/p>\n\n\n\n<p>Apunt\u00f3 que la zona debe protegerse inmediatamente, pues las amenazas de urbanizaci\u00f3n acechan d\u00eda a d\u00eda, hay quema y cacer\u00eda, hay tala, incluso especies invasoras.<\/p>\n\n\n\n<p>La activista se\u00f1al\u00f3 que es necesario la participaci\u00f3n de la mayor cantidad de personas para proteger el lugar; hasta el momento, mencion\u00f3 que Indheca Grupo Constructor, ha sido quien ha mostrado su inter\u00e9s por participar en las actividades de preservaci\u00f3n de estas especies.<\/p>\n\n\n\n<p>\u201cLa \u00fanica forma de protegerlo es involucrando a la gente, a las asociaciones, al gobierno para que entre todos se pueda hacer algo por este lugar\u201d, subray\u00f3.<\/p>\n\n\n\n<p>Paola Pineda, mencion\u00f3 que llevan cerca de dos a\u00f1os realizando el monitoreo constantes de aves para analizar la situaci\u00f3n actual; pero reconoci\u00f3 que durante la pandemia los recorridos se vieron suspendidos y poco a poco se est\u00e1n retomando en todos los posibles trayectos de Arroyo Moreno, esto para poder hacer un diagn\u00f3stico, y con esto hacer el programa de manejo de la zona para su conservaci\u00f3n.<\/p>\n\n\n\n<p>En dicha investigaci\u00f3n de m\u00e1s de 24 meses, ha logrado conocer que existen alrededor de 270 especies en las 230 hect\u00e1reas de Arroyo Moreno de las cuales 3 est\u00e1n en peligro de extinci\u00f3n; el Pato Real, el P\u00e1jaro Cantor y el Loro de Cabeza Amarilla.<\/p>\n\n\n\n<p>En ese sentido, la investigadora hizo un llamado a la ciudadan\u00eda a no comprar loros o pericos ya que de esta manera se contribuye a su extinci\u00f3n; adem\u00e1s, dijo que tambi\u00e9n existen entre 18 y 20 especies que enfrentan alg\u00fan tipo de riesgo.<\/p>\n\n\n\n<p>La activista Paola Pineda invit\u00f3 a todas las personas interesadas a conocer el lugar y participar en los recorridos que poco a poco se est\u00e1n retomando.<\/p>\n","protected":false},"excerpt":{"rendered":"<p>Alejandro \u00c1vila Boca del R\u00edo, Ver.- La urbanizaci\u00f3n desmedida de Boca del R\u00edo y Medell\u00edn de Bravo, ha puesto en riesgo a tres especies end\u00e9micas del Manglar Arroyo Moreno, las cuales est\u00e1n ahora en peligro de extinci\u00f3n,&nbsp; a pesar de que la zona es catalogada como un \u00e1rea natural protegida. Paola Pineda de la organizaci\u00f3n [&hellip;]<\/p>\n","protected":false},"author":1,"featured_media":21089,"comment_status":"open","ping_status":"open","sticky":false,"template":"","format":"standard","meta":{"_jetpack_memberships_contains_paid_content":false,"footnotes":""},"categories":[2],"tags":[],"class_list":["post-21088","post","type-post","status-publish","format-standard","has-post-thumbnail","hentry","category-estado"],"jetpack_featured_media_url":"https:\/\/encuentroinformativo.com.mx\/wp-content\/uploads\/2021\/12\/60BA9FFA-612E-4CFD-8661-2F3F0470EDBC.jpeg","jetpack_sharing_enabled":true,"jetpack_likes_enabled":true,"amp_enabled":true,"_links":{"self":[{"href":"https:\/\/encuentroinformativo.com.mx\/index.php?rest_route=\/wp\/v2\/posts\/21088","targetHints":{"allow":["GET"]}}],"collection":[{"href":"https:\/\/encuentroinformativo.com.mx\/index.php?rest_route=\/wp\/v2\/posts"}],"about":[{"href":"https:\/\/encuentroinformativo.com.mx\/index.php?rest_route=\/wp\/v2\/types\/post"}],"author":[{"embeddable":true,"href":"https:\/\/encuentroinformativo.com.mx\/index.php?rest_route=\/wp\/v2\/users\/1"}],"replies":[{"embeddable":true,"href":"https:\/\/encuentroinformativo.com.mx\/index.php?rest_route=%2Fwp%2Fv2%2Fcomments&post=21088"}],"version-history":[{"count":1,"href":"https:\/\/encuentroinformativo.com.mx\/index.php?rest_route=\/wp\/v2\/posts\/21088\/revisions"}],"predecessor-version":[{"id":21090,"href":"https:\/\/encuentroinformativo.com.mx\/index.php?rest_route=\/wp\/v2\/posts\/21088\/revisions\/21090"}],"wp:featuredmedia":[{"embeddable":true,"href":"https:\/\/encuentroinformativo.com.mx\/index.php?rest_route=\/wp\/v2\/media\/21089"}],"wp:attachment":[{"href":"https:\/\/encuentroinformativo.com.mx\/index.php?rest_route=%2Fwp%2Fv2%2Fmedia&parent=21088"}],"wp:term":[{"taxonomy":"category","embeddable":true,"href":"https:\/\/encuentroinformativo.com.mx\/index.php?rest_route=%2Fwp%2Fv2%2Fcategories&post=21088"},{"taxonomy":"post_tag","embeddable":true,"href":"https:\/\/encuentroinformativo.com.mx\/index.php?rest_route=%2Fwp%2Fv2%2Ftags&post=21088"}],"curies":[{"name":"wp","href":"https:\/\/api.w.org\/{rel}","templated":true}]}}