{"id":21094,"date":"2021-12-08T10:25:45","date_gmt":"2021-12-08T16:25:45","guid":{"rendered":"https:\/\/encuentroinformativo.com.mx\/?p=21094"},"modified":"2021-12-08T10:25:49","modified_gmt":"2021-12-08T16:25:49","slug":"previo-a-informe-de-alcalde-roban-tesoreria-municipal-en-medellin","status":"publish","type":"post","link":"https:\/\/encuentroinformativo.com.mx\/?p=21094","title":{"rendered":"Previo a informe de alcalde, roban Tesorer\u00eda Municipal en Medell\u00edn"},"content":{"rendered":"\n<p><strong>Alejandro \u00c1vila<\/strong><\/p>\n\n\n\n<p>Medell\u00edn de Bravo, Ver.- La madrugada de este martes, ladrones ingresaron al Palacio Municipal de Medell\u00edn de Bravo, para causar destrozos y presuntamente robar la Tesorer\u00eda Municipal; esto se da, un d\u00eda antes del \u00faltimo informe de Gobierno de Hip\u00f3lito Deschamps Espino Barros.<\/p>\n\n\n\n<p>Seg\u00fan personal del Ayuntamiento, a su llegada al Palacio Municipal, notaron que la puerta del \u00e1rea de Tesorer\u00eda estaba abierta y que presuntamente habr\u00eda sido forzada por desconocidos que ingresaron al edificio.<\/p>\n\n\n\n<p>Los empleados mantuvieron el \u00e1rea intacta y reportaron a sus superiores, aunque la zona permaneci\u00f3 sin ninguna vigilancia ni acordonamiento durante varias horas.<\/p>\n\n\n\n<p>De acuerdo a la Representante Legal del Ayuntamiento, la Sindica Hilda Nava Sese\u00f1a, no han podido cuantificar lo robado; aunque se aclar\u00f3 que en dicha \u00e1rea existen documentos importantes.<\/p>\n\n\n\n<p>Los elementos polic\u00edales llegaron hasta medio d\u00eda y se entrevistaron con los funcionarios del \u00c1rea Jur\u00eddica del Ayuntamiento de Medell\u00edn, para levantar el reporte y posteriormente levantan la denuncia ante la Fiscal\u00eda General del Estado.<\/p>\n\n\n\n<p>Cabe se\u00f1alar que este mi\u00e9rcoles 8 de diciembre, Hip\u00f3lito Deschamps Espino Barros rinde su cuarto y \u00faltimo informe de labores en la localidad de Playa de Vacas en un lujoso jard\u00edn; en Sesi\u00f3n de Cabildo fue cuestionado por los regidores del Verde &#8211; Ecologista sobre el gasto oneroso del evento y el panista se\u00f1al\u00f3 que todo hab\u00eda sido prestado o donado por amigos.<\/p>\n","protected":false},"excerpt":{"rendered":"<p>Alejandro \u00c1vila Medell\u00edn de Bravo, Ver.- La madrugada de este martes, ladrones ingresaron al Palacio Municipal de Medell\u00edn de Bravo, para causar destrozos y presuntamente robar la Tesorer\u00eda Municipal; esto se da, un d\u00eda antes del \u00faltimo informe de Gobierno de Hip\u00f3lito Deschamps Espino Barros. Seg\u00fan personal del Ayuntamiento, a su llegada al Palacio Municipal, [&hellip;]<\/p>\n","protected":false},"author":1,"featured_media":21095,"comment_status":"open","ping_status":"open","sticky":false,"template":"","format":"standard","meta":{"_jetpack_memberships_contains_paid_content":false,"footnotes":""},"categories":[2],"tags":[],"class_list":["post-21094","post","type-post","status-publish","format-standard","has-post-thumbnail","hentry","category-estado"],"jetpack_featured_media_url":"https:\/\/encuentroinformativo.com.mx\/wp-content\/uploads\/2021\/12\/DCE0668F-C0A9-4508-B3B0-555629650F82.jpeg","jetpack_sharing_enabled":true,"jetpack_likes_enabled":true,"amp_enabled":true,"_links":{"self":[{"href":"https:\/\/encuentroinformativo.com.mx\/index.php?rest_route=\/wp\/v2\/posts\/21094","targetHints":{"allow":["GET"]}}],"collection":[{"href":"https:\/\/encuentroinformativo.com.mx\/index.php?rest_route=\/wp\/v2\/posts"}],"about":[{"href":"https:\/\/encuentroinformativo.com.mx\/index.php?rest_route=\/wp\/v2\/types\/post"}],"author":[{"embeddable":true,"href":"https:\/\/encuentroinformativo.com.mx\/index.php?rest_route=\/wp\/v2\/users\/1"}],"replies":[{"embeddable":true,"href":"https:\/\/encuentroinformativo.com.mx\/index.php?rest_route=%2Fwp%2Fv2%2Fcomments&post=21094"}],"version-history":[{"count":1,"href":"https:\/\/encuentroinformativo.com.mx\/index.php?rest_route=\/wp\/v2\/posts\/21094\/revisions"}],"predecessor-version":[{"id":21096,"href":"https:\/\/encuentroinformativo.com.mx\/index.php?rest_route=\/wp\/v2\/posts\/21094\/revisions\/21096"}],"wp:featuredmedia":[{"embeddable":true,"href":"https:\/\/encuentroinformativo.com.mx\/index.php?rest_route=\/wp\/v2\/media\/21095"}],"wp:attachment":[{"href":"https:\/\/encuentroinformativo.com.mx\/index.php?rest_route=%2Fwp%2Fv2%2Fmedia&parent=21094"}],"wp:term":[{"taxonomy":"category","embeddable":true,"href":"https:\/\/encuentroinformativo.com.mx\/index.php?rest_route=%2Fwp%2Fv2%2Fcategories&post=21094"},{"taxonomy":"post_tag","embeddable":true,"href":"https:\/\/encuentroinformativo.com.mx\/index.php?rest_route=%2Fwp%2Fv2%2Ftags&post=21094"}],"curies":[{"name":"wp","href":"https:\/\/api.w.org\/{rel}","templated":true}]}}