{"id":21100,"date":"2021-12-08T11:31:44","date_gmt":"2021-12-08T17:31:44","guid":{"rendered":"https:\/\/encuentroinformativo.com.mx\/?p=21100"},"modified":"2021-12-08T11:31:48","modified_gmt":"2021-12-08T17:31:48","slug":"va-federico-salomon-por-la-dirigencia-del-cde-pan-veracruz","status":"publish","type":"post","link":"https:\/\/encuentroinformativo.com.mx\/?p=21100","title":{"rendered":"Va Federico Salom\u00f3n por la dirigencia del CDE PAN Veracruz"},"content":{"rendered":"\n<p><strong>Alejandro \u00c1vila<\/strong><\/p>\n\n\n\n<p>Veracruz, Ver.- El ex diputado local, Federico Salom\u00f3n Medina, ser\u00e1 quien sustituya a Tito Delf\u00edn en la campa\u00f1a por la dirigencia del Comit\u00e9 Directivo Estatal del PAN en Veracruz.<\/p>\n\n\n\n<p>El Consejero Estatal, se suma a Indira Rosales San Rom\u00e1n en la carrera por la dirigencia estatal en Veracruz; quienes aseguraron su prioridad ser\u00e1 la unidad partidista, a fin de fortalecer al PAN y recuperar los triunfos en la entidad veracruzana.<\/p>\n\n\n\n<p>Fue la Comisi\u00f3n Permanente Nacional del Partido Acci\u00f3n Nacional (PAN), en sesi\u00f3n ordinaria, la que aprob\u00f3 la sustituci\u00f3n de Tito Delf\u00edn Cano como candidato a la dirigencia del Comit\u00e9 Directivo Estatal por Federico Salom\u00f3n Medina, quien ya integraba su planilla.<\/p>\n\n\n\n<p>\u201cEsto es un proyecto para fortalecer al PAN, y recuperar los triunfos para construir un mejor Veracruz; asumo con un fuerte compromiso esta responsabilidad\u201d, resalt\u00f3 Salom\u00f3n Medina.<\/p>\n\n\n\n<p>Aunado a ello, expuso que seguir\u00e1 la lucha por exigir libertad a los presos pol\u00edticos, y no bajar\u00e1n los brazos hasta que Tito recupere su libertad. \u201cen esta elecci\u00f3n lo daremos todo por Tito y por el PAN\u201d, abund\u00f3.<\/p>\n\n\n\n<p>Alicia Delf\u00edn Rodr\u00edguez afirm\u00f3 que la lucha que emprendi\u00f3 su padre Tito Delfin contin\u00faa, \u201cesto nos hizo m\u00e1s fuertes porque estamos m\u00e1s unidos\u201d, sostuvo.<\/p>\n","protected":false},"excerpt":{"rendered":"<p>Alejandro \u00c1vila Veracruz, Ver.- El ex diputado local, Federico Salom\u00f3n Medina, ser\u00e1 quien sustituya a Tito Delf\u00edn en la campa\u00f1a por la dirigencia del Comit\u00e9 Directivo Estatal del PAN en Veracruz. El Consejero Estatal, se suma a Indira Rosales San Rom\u00e1n en la carrera por la dirigencia estatal en Veracruz; quienes aseguraron su prioridad ser\u00e1 [&hellip;]<\/p>\n","protected":false},"author":1,"featured_media":21101,"comment_status":"open","ping_status":"open","sticky":false,"template":"","format":"standard","meta":{"_jetpack_memberships_contains_paid_content":false,"footnotes":""},"categories":[2],"tags":[],"class_list":["post-21100","post","type-post","status-publish","format-standard","has-post-thumbnail","hentry","category-estado"],"jetpack_featured_media_url":"https:\/\/encuentroinformativo.com.mx\/wp-content\/uploads\/2021\/12\/9B196FE9-FFD5-4BDD-BFBC-A6BAB19449F8.jpeg","jetpack_sharing_enabled":true,"jetpack_likes_enabled":true,"amp_enabled":true,"_links":{"self":[{"href":"https:\/\/encuentroinformativo.com.mx\/index.php?rest_route=\/wp\/v2\/posts\/21100","targetHints":{"allow":["GET"]}}],"collection":[{"href":"https:\/\/encuentroinformativo.com.mx\/index.php?rest_route=\/wp\/v2\/posts"}],"about":[{"href":"https:\/\/encuentroinformativo.com.mx\/index.php?rest_route=\/wp\/v2\/types\/post"}],"author":[{"embeddable":true,"href":"https:\/\/encuentroinformativo.com.mx\/index.php?rest_route=\/wp\/v2\/users\/1"}],"replies":[{"embeddable":true,"href":"https:\/\/encuentroinformativo.com.mx\/index.php?rest_route=%2Fwp%2Fv2%2Fcomments&post=21100"}],"version-history":[{"count":1,"href":"https:\/\/encuentroinformativo.com.mx\/index.php?rest_route=\/wp\/v2\/posts\/21100\/revisions"}],"predecessor-version":[{"id":21102,"href":"https:\/\/encuentroinformativo.com.mx\/index.php?rest_route=\/wp\/v2\/posts\/21100\/revisions\/21102"}],"wp:featuredmedia":[{"embeddable":true,"href":"https:\/\/encuentroinformativo.com.mx\/index.php?rest_route=\/wp\/v2\/media\/21101"}],"wp:attachment":[{"href":"https:\/\/encuentroinformativo.com.mx\/index.php?rest_route=%2Fwp%2Fv2%2Fmedia&parent=21100"}],"wp:term":[{"taxonomy":"category","embeddable":true,"href":"https:\/\/encuentroinformativo.com.mx\/index.php?rest_route=%2Fwp%2Fv2%2Fcategories&post=21100"},{"taxonomy":"post_tag","embeddable":true,"href":"https:\/\/encuentroinformativo.com.mx\/index.php?rest_route=%2Fwp%2Fv2%2Ftags&post=21100"}],"curies":[{"name":"wp","href":"https:\/\/api.w.org\/{rel}","templated":true}]}}