{"id":21103,"date":"2021-12-08T12:01:42","date_gmt":"2021-12-08T18:01:42","guid":{"rendered":"https:\/\/encuentroinformativo.com.mx\/?p=21103"},"modified":"2021-12-08T12:01:45","modified_gmt":"2021-12-08T18:01:45","slug":"en-enero-reabriran-todas-las-escuelas-sev","status":"publish","type":"post","link":"https:\/\/encuentroinformativo.com.mx\/?p=21103","title":{"rendered":"En enero, reabrir\u00e1n todas las escuelas: SEV"},"content":{"rendered":"\n<p><strong>Alejandro \u00c1vila<\/strong><\/p>\n\n\n\n<p>Boca del R\u00edo, Ver.- El secretario de Educaci\u00f3n de Veracruz, Zenyazen Escobar Garc\u00eda, asegur\u00f3 que con o sin refuerzo de vacunas para docentes, en enero del 2022 se buscar\u00e1 que las 24 mil escuelas de Veracruz regresen en su totalidad a clases presenciales.<\/p>\n\n\n\n<p>El funcionario estatal, mencion\u00f3 que al momento se tienen abiertos 16 500 planteles educativos en la entidad veracruzana y se buscar\u00e1 el m\u00e9todo para lograr el cien por ciento de forma gradual, ya que reconoci\u00f3 a\u00fan dependen de muchos factores, pero aclar\u00f3 que las clases seguir\u00e1n siendo escalonadas, pues se deben fraccionar los grupos grandes para priorizar la salud de los estudiantes.<\/p>\n\n\n\n<p>\u201cQuiero aclarar algo y s\u00ed, que no haya dudas, en enero se abren en su totalidad las escuelas, \u00f3sea el tema de refuerzo (vacuna) es algo que viene, pero previo a eso, se tiene que, yo no podr\u00eda ahorita decirles fecha de cuando est\u00e9 como tal el refuerzo, no lo tengo, acabo ahorita de hablar por tel\u00e9fono con el secretario de Salud para ver estos temas, porque s\u00ed hab\u00eda inquietudes, pero tambi\u00e9n reiterarles que, en enero, este enero como tal de 2022, se abren en su totalidad las escuelas\u201d, refut\u00f3.<\/p>\n\n\n\n<p>Si bien el secretario de Salud dijo desconocer cu\u00e1l ser\u00e1 la vacuna que pondr\u00e1n como refuerzo, destac\u00f3 que finalmente se dar\u00e1 un refuerzo a los docentes, pues hab\u00eda sido una inquietud entre los maestros de Veracruz.<\/p>\n\n\n\n<p>De la misma manera, apunt\u00f3 que la plataforma que se utiliz\u00f3 la primera vez para registrar a los maestros para su vacuna ser\u00e1 la misma, al tiempo que aclar\u00f3 deben coordinarse con la Brigada Correcaminos de SEDENA y la Secretar\u00eda de Salud para definir las sedes de vacunaci\u00f3n de refuerzo, pero seguramente ser\u00e1n las mismas.<\/p>\n\n\n\n<p>\u201cUstedes saben que esa plataforma fue reconocida, de ah\u00ed se toma para lo que es\u00a0mivacuna.gob.mx\u00a0a nivel nacional, estamos haciendo algunos ajustes, pero de igual manera ser\u00e1 un pre registro a trav\u00e9s de impresi\u00f3n de c\u00f3digo QR, que nos sirvi\u00f3 mucho y agiliz\u00f3 mucho para que pudieran ingresar los compa\u00f1eros y compa\u00f1eras docentes\u201d, culmin\u00f3.<\/p>\n","protected":false},"excerpt":{"rendered":"<p>Alejandro \u00c1vila Boca del R\u00edo, Ver.- El secretario de Educaci\u00f3n de Veracruz, Zenyazen Escobar Garc\u00eda, asegur\u00f3 que con o sin refuerzo de vacunas para docentes, en enero del 2022 se buscar\u00e1 que las 24 mil escuelas de Veracruz regresen en su totalidad a clases presenciales. El funcionario estatal, mencion\u00f3 que al momento se tienen abiertos [&hellip;]<\/p>\n","protected":false},"author":1,"featured_media":21104,"comment_status":"open","ping_status":"open","sticky":false,"template":"","format":"standard","meta":{"_jetpack_memberships_contains_paid_content":false,"footnotes":""},"categories":[2],"tags":[],"class_list":["post-21103","post","type-post","status-publish","format-standard","has-post-thumbnail","hentry","category-estado"],"jetpack_featured_media_url":"https:\/\/encuentroinformativo.com.mx\/wp-content\/uploads\/2021\/12\/312A9B67-020F-48F9-A289-B9011897F713.jpeg","jetpack_sharing_enabled":true,"jetpack_likes_enabled":true,"amp_enabled":true,"_links":{"self":[{"href":"https:\/\/encuentroinformativo.com.mx\/index.php?rest_route=\/wp\/v2\/posts\/21103","targetHints":{"allow":["GET"]}}],"collection":[{"href":"https:\/\/encuentroinformativo.com.mx\/index.php?rest_route=\/wp\/v2\/posts"}],"about":[{"href":"https:\/\/encuentroinformativo.com.mx\/index.php?rest_route=\/wp\/v2\/types\/post"}],"author":[{"embeddable":true,"href":"https:\/\/encuentroinformativo.com.mx\/index.php?rest_route=\/wp\/v2\/users\/1"}],"replies":[{"embeddable":true,"href":"https:\/\/encuentroinformativo.com.mx\/index.php?rest_route=%2Fwp%2Fv2%2Fcomments&post=21103"}],"version-history":[{"count":1,"href":"https:\/\/encuentroinformativo.com.mx\/index.php?rest_route=\/wp\/v2\/posts\/21103\/revisions"}],"predecessor-version":[{"id":21105,"href":"https:\/\/encuentroinformativo.com.mx\/index.php?rest_route=\/wp\/v2\/posts\/21103\/revisions\/21105"}],"wp:featuredmedia":[{"embeddable":true,"href":"https:\/\/encuentroinformativo.com.mx\/index.php?rest_route=\/wp\/v2\/media\/21104"}],"wp:attachment":[{"href":"https:\/\/encuentroinformativo.com.mx\/index.php?rest_route=%2Fwp%2Fv2%2Fmedia&parent=21103"}],"wp:term":[{"taxonomy":"category","embeddable":true,"href":"https:\/\/encuentroinformativo.com.mx\/index.php?rest_route=%2Fwp%2Fv2%2Fcategories&post=21103"},{"taxonomy":"post_tag","embeddable":true,"href":"https:\/\/encuentroinformativo.com.mx\/index.php?rest_route=%2Fwp%2Fv2%2Ftags&post=21103"}],"curies":[{"name":"wp","href":"https:\/\/api.w.org\/{rel}","templated":true}]}}