{"id":21106,"date":"2021-12-08T13:06:50","date_gmt":"2021-12-08T19:06:50","guid":{"rendered":"https:\/\/encuentroinformativo.com.mx\/?p=21106"},"modified":"2021-12-08T13:06:52","modified_gmt":"2021-12-08T19:06:52","slug":"veracruz-contuvo-olas-covid-afirma-gobernador","status":"publish","type":"post","link":"https:\/\/encuentroinformativo.com.mx\/?p=21106","title":{"rendered":"Veracruz contuvo olas COVID, afirma Gobernador"},"content":{"rendered":"\n<p><strong>Alejandro \u00c1vila<\/strong><\/p>\n\n\n\n<p>Boca del R\u00edo, Ver.- Durante el festejo a docentes del Estado de Veracruz en el World Trade Center de Boca del R\u00edo, el gobernador Cuitl\u00e1huac Garc\u00eda Jim\u00e9nez, destac\u00f3 en su discurso que Veracruz logr\u00f3 contener la segunda y tercera ola de COVID-19, al punto de no volver durante esas \u00e9pocas a sem\u00e1foro rojo.<\/p>\n\n\n\n<p>\u201cEn Veracruz hemos logrado que la segunda y la tercera ola del COVID no se llegue a los sem\u00e1foros rojos, a diferencia de los siete estados m\u00e1s poblados del pa\u00eds, Veracruz logr\u00f3 que no sucediera estos, que lleg\u00e1ramos a una situaci\u00f3n muy cr\u00edtica\u201d, puntualiz\u00f3.<\/p>\n\n\n\n<p>El Ejecutivo estatal estuvo presente para entregar medallas a 2 359 docentes; 46 de 40 a\u00f1os de trayectoria a nivel estatal, 214 de 40 a\u00f1os en nivel federal, 1 029 de 30 a\u00f1os de docencia a nivel federal, 1 070 de trayectoria docente a nivel estatal.<\/p>\n\n\n\n<p>Durante su discurso, Garc\u00eda Jim\u00e9nez resalt\u00f3 que durante la pandemia el sueldo del magisterio veracruzano nunca se detuvo, continu\u00f3 llegando su pago puntualmente, por lo que solicit\u00f3 a los maestros no pretextar la pandemia para evitar dar puntual seguimiento al desarrollo de los ni\u00f1os y j\u00f3venes de Veracruz, pues asegur\u00f3 existen muchos que buscan superarse incrementando su nivel acad\u00e9mico.<\/p>\n\n\n\n<p>Cuitl\u00e1huac Garc\u00eda, reconoci\u00f3 la labor de un docente para el desarrollo de un Estado, siendo Veracruz uno de los puntos m\u00e1s importantes magisterio, por el n\u00famero de docentes que representan a nivel nacional.<\/p>\n","protected":false},"excerpt":{"rendered":"<p>Alejandro \u00c1vila Boca del R\u00edo, Ver.- Durante el festejo a docentes del Estado de Veracruz en el World Trade Center de Boca del R\u00edo, el gobernador Cuitl\u00e1huac Garc\u00eda Jim\u00e9nez, destac\u00f3 en su discurso que Veracruz logr\u00f3 contener la segunda y tercera ola de COVID-19, al punto de no volver durante esas \u00e9pocas a sem\u00e1foro rojo. [&hellip;]<\/p>\n","protected":false},"author":1,"featured_media":21107,"comment_status":"open","ping_status":"open","sticky":false,"template":"","format":"standard","meta":{"_jetpack_memberships_contains_paid_content":false,"footnotes":""},"categories":[2],"tags":[],"class_list":["post-21106","post","type-post","status-publish","format-standard","has-post-thumbnail","hentry","category-estado"],"jetpack_featured_media_url":"https:\/\/encuentroinformativo.com.mx\/wp-content\/uploads\/2021\/12\/A3CDB391-A5AB-46DE-A1F0-4617DD530745.jpeg","jetpack_sharing_enabled":true,"jetpack_likes_enabled":true,"amp_enabled":true,"_links":{"self":[{"href":"https:\/\/encuentroinformativo.com.mx\/index.php?rest_route=\/wp\/v2\/posts\/21106","targetHints":{"allow":["GET"]}}],"collection":[{"href":"https:\/\/encuentroinformativo.com.mx\/index.php?rest_route=\/wp\/v2\/posts"}],"about":[{"href":"https:\/\/encuentroinformativo.com.mx\/index.php?rest_route=\/wp\/v2\/types\/post"}],"author":[{"embeddable":true,"href":"https:\/\/encuentroinformativo.com.mx\/index.php?rest_route=\/wp\/v2\/users\/1"}],"replies":[{"embeddable":true,"href":"https:\/\/encuentroinformativo.com.mx\/index.php?rest_route=%2Fwp%2Fv2%2Fcomments&post=21106"}],"version-history":[{"count":1,"href":"https:\/\/encuentroinformativo.com.mx\/index.php?rest_route=\/wp\/v2\/posts\/21106\/revisions"}],"predecessor-version":[{"id":21108,"href":"https:\/\/encuentroinformativo.com.mx\/index.php?rest_route=\/wp\/v2\/posts\/21106\/revisions\/21108"}],"wp:featuredmedia":[{"embeddable":true,"href":"https:\/\/encuentroinformativo.com.mx\/index.php?rest_route=\/wp\/v2\/media\/21107"}],"wp:attachment":[{"href":"https:\/\/encuentroinformativo.com.mx\/index.php?rest_route=%2Fwp%2Fv2%2Fmedia&parent=21106"}],"wp:term":[{"taxonomy":"category","embeddable":true,"href":"https:\/\/encuentroinformativo.com.mx\/index.php?rest_route=%2Fwp%2Fv2%2Fcategories&post=21106"},{"taxonomy":"post_tag","embeddable":true,"href":"https:\/\/encuentroinformativo.com.mx\/index.php?rest_route=%2Fwp%2Fv2%2Ftags&post=21106"}],"curies":[{"name":"wp","href":"https:\/\/api.w.org\/{rel}","templated":true}]}}