{"id":21118,"date":"2021-12-09T08:44:21","date_gmt":"2021-12-09T14:44:21","guid":{"rendered":"https:\/\/encuentroinformativo.com.mx\/?p=21118"},"modified":"2021-12-09T08:44:25","modified_gmt":"2021-12-09T14:44:25","slug":"citlali-anilu-silva-y-salomon","status":"publish","type":"post","link":"https:\/\/encuentroinformativo.com.mx\/?p=21118","title":{"rendered":"Citlali, Anil\u00fa, Silva y Salom\u00f3n"},"content":{"rendered":"\n<p><strong>Los Pol\u00edticos<\/strong><\/p>\n\n\n\n<p><strong>Salvador Mu\u00f1oz<\/strong><\/p>\n\n\n\n<p>El acoso sexual y laboral sali\u00f3 a relucir de nuevo en el Congreso del Estado luego de que la Contralora General, Mercedes Santoyo, compareciera ante los diputados.<\/p>\n\n\n\n<p>Ahora, fue el 1-2 por parte de las diputadas del PVEM y del PRI que tocaron estos sensibles temas, entre otros, como fue el caso del nepotismo que se vive en la secretar\u00eda de Turismo que todo indica que se volvi\u00f3 una agencia de colocaciones en dos matrimonios donde Citlali Medell\u00edn Careaga dio pelos y se\u00f1ales de esto, al grado que la misma Mercedes Santoyo tuvo que pedir discreci\u00f3n en el manejo de los generales de quienes est\u00e1n involucrados en esto. O bien, la exposici\u00f3n que Anil\u00fa Ingram Vallines tuvo a bien darle a la misma Contralora con respecto a la visi\u00f3n que la funcionaria estatal tiene del Tribunal Estatal de Justicia Administrativa: organismo aut\u00f3nomo, no a modo\u2026 todo esto porque hace algunos d\u00edas, Mercedes Santoyo se quej\u00f3 as\u00ed, textual: \u201cNo hemos tenido una buena comunicaci\u00f3n en el sentido de que hay cosas que nos regresan, que tienen algunas interpretaciones que a mi gusto y percepci\u00f3n no deber\u00edan ser as\u00ed, creo que el trabajo en equipo se hace pensando en el bienestar com\u00fan y social, en lo que el ciudadano requiere, queremos justicia, no queremos que por una interpretaci\u00f3n de algunas personas se quede en la impunidad\u201d.<\/p>\n\n\n\n<p>Anil\u00fa tuvo a bien explicarle que el Tribunal no debe tener comunicaci\u00f3n extra-procesal con la Contralor\u00eda ni hacer equipo con ella, ni con ninguna de las partes de los juicios, porque si el Tribunal estableciera comunicaci\u00f3n con la autoridad o con el presunto infractor, estar\u00eda justamente violando la Constituci\u00f3n y la ley. La cereza fue que si le han devuelto expedientes a la Contralora, es porque \u00e9sta&nbsp; impuso sanciones fuera del t\u00e9rmino que establece la Ley.<\/p>\n\n\n\n<p>Si bien estos temas igual son de suyo interesantes, los m\u00e1s sensibles fueron sin duda los de acoso sexual y laboral que se viven en Sedema y la secretar\u00eda de Gobierno, ambos expuestos por Citlali Medell\u00edn y Anil\u00fa Ingram respectivamente.<\/p>\n\n\n\n<p>En el caso de Sedema, Mercedes Santoyo se comprometi\u00f3 a darle seguimiento al asunto, pero en el caso de la Secretar\u00eda de Gobierno, la respuesta que dio a Anil\u00fa, si bien quiero entender que hay buenas intenciones en ella, hay dos cosas que me hacen ruido:<\/p>\n\n\n\n<p>En un tema, refiere que ella misma atendi\u00f3 personalmente a una presunta v\u00edctima, caso que parec\u00eda no tener fin porque cada vez que se iba a resolver, \u201cse integraban otras cosas\u201d por parte de la quejosa.<\/p>\n\n\n\n<p>Digo, si hay \u201cm\u00e1s cosas\u201d es porque el problema persiste\u2026<\/p>\n\n\n\n<p>En el mismo asunto, dice que \u201cofrec\u00ed de mis recursos, pagarle un especialista que necesitara porque se sent\u00eda afectada, y me compromet\u00ed a que si no se sent\u00eda bien ah\u00ed, le pod\u00eda yo, pasara su curriculum, y le pudiera conseguir un lugar dentro de la Contralor\u00eda\u201d.<\/p>\n\n\n\n<p>Creo que la soluci\u00f3n que ofreci\u00f3 es la misma que se hac\u00eda en otros tiempos, donde si una mujer alzaba la voz ante un hecho como el descrito, lo m\u00e1s f\u00e1cil administrativamente era cambiarla de \u00e1rea\u2026 pero el problema persiste.<\/p>\n\n\n\n<p>Tan persiste que la misma Anil\u00fa expuso qu\u00e9 pasa con aqu\u00e9llos que son acusados por acoso sexual o laboral: los han cambiado de \u00e1rea, es decir: el problema s\u00f3lo es puesto en otro lado.<\/p>\n\n\n\n<p>No se duda de las buenas intenciones de la Contralora, pero obras son amores\u2026<\/p>\n\n\n\n<p><strong>El Cisne vol\u00f3!<\/strong><\/p>\n\n\n\n<p>Se va de Delegado del Partido Verde Ecologista a Tamaulipas para estar al tanto de la elecci\u00f3n de Gobernador. Alberto Silva Ramos es amigo de a\u00f1os de Rodolfo Gonz\u00e1lez Valderrama candidato de Morena y el Verde y adem\u00e1s, por la vecindad, conoce muy bien el quehacer y sentir de la pol\u00edtica jaiba.<\/p>\n\n\n\n<p><strong>En una de \u00e9sas, gana Salom\u00f3n<\/strong><\/p>\n\n\n\n<p>Parece broma, pero es an\u00e9cdota. Cuentan que en 2019, para el proceso de la elecci\u00f3n de renovaci\u00f3n de los comit\u00e9s municipales, Federico Salom\u00f3n Molina, ahora candidato a presidente del Comit\u00e9 Estatal del PAN, busc\u00f3 la presidencia del Comit\u00e9 Municipal de su pueblo natal Sayula de Alem\u00e1n. Esto no tendr\u00eda nada de extraordinario, salvo por un ligero detalle: de acuerdo a su credencial de elector, su residencia efectiva yace en Xalapa, motivo por el cual aparece en el padr\u00f3n de militantes de la Atenas.<\/p>\n\n\n\n<p>\u00bfY c\u00f3mo resolvi\u00f3 entonces ese ligero detalle? \u00a1F\u00e1cil! Particip\u00f3 en dos elecciones.<\/p>\n\n\n\n<p>La primera, la oficial, de acuerdo a la convocatoria, donde perdi\u00f3 catastr\u00f3ficamente.<\/p>\n\n\n\n<p>La segunda, la suya, una asamblea paralela, donde con sus simpatizantes, levant\u00f3 un acta \u00bfy qu\u00e9 creen? \u00a1gan\u00f3!<\/p>\n\n\n\n<p>Con apoyo de Enrique Cambranis y Tito Delf\u00edn, movi\u00f3 las estructuras territoriales en el CDE de modo que en Xalapa, el acta de asamblea que se entreg\u00f3 fue la hechiza sin que hasta la fecha se sepa d\u00f3nde qued\u00f3 la original. As\u00ed que si en Sayula ya lo hizo una vez, por qu\u00e9 no pensar en cosas \u201cchingonas\u201d, dijera El Chicharito: Quien quite, y vuelva a \u201cganar\u201d!<\/p>\n\n\n\n<p><a href=\"mailto:smcainito@gmail.com\" target=\"_blank\" rel=\"noreferrer noopener\">smcainito@gmail.com<\/a><\/p>\n","protected":false},"excerpt":{"rendered":"<p>Los Pol\u00edticos Salvador Mu\u00f1oz El acoso sexual y laboral sali\u00f3 a relucir de nuevo en el Congreso del Estado luego de que la Contralora General, Mercedes Santoyo, compareciera ante los diputados. Ahora, fue el 1-2 por parte de las diputadas del PVEM y del PRI que tocaron estos sensibles temas, entre otros, como fue el [&hellip;]<\/p>\n","protected":false},"author":1,"featured_media":387,"comment_status":"open","ping_status":"open","sticky":false,"template":"","format":"standard","meta":{"_jetpack_memberships_contains_paid_content":false,"footnotes":""},"categories":[11],"tags":[],"class_list":["post-21118","post","type-post","status-publish","format-standard","has-post-thumbnail","hentry","category-opinion"],"jetpack_featured_media_url":"https:\/\/encuentroinformativo.com.mx\/wp-content\/uploads\/2020\/03\/7CF8A22B-2764-47BE-8F7F-38FE9E5D6A2F.jpeg","jetpack_sharing_enabled":true,"jetpack_likes_enabled":true,"amp_enabled":true,"_links":{"self":[{"href":"https:\/\/encuentroinformativo.com.mx\/index.php?rest_route=\/wp\/v2\/posts\/21118","targetHints":{"allow":["GET"]}}],"collection":[{"href":"https:\/\/encuentroinformativo.com.mx\/index.php?rest_route=\/wp\/v2\/posts"}],"about":[{"href":"https:\/\/encuentroinformativo.com.mx\/index.php?rest_route=\/wp\/v2\/types\/post"}],"author":[{"embeddable":true,"href":"https:\/\/encuentroinformativo.com.mx\/index.php?rest_route=\/wp\/v2\/users\/1"}],"replies":[{"embeddable":true,"href":"https:\/\/encuentroinformativo.com.mx\/index.php?rest_route=%2Fwp%2Fv2%2Fcomments&post=21118"}],"version-history":[{"count":1,"href":"https:\/\/encuentroinformativo.com.mx\/index.php?rest_route=\/wp\/v2\/posts\/21118\/revisions"}],"predecessor-version":[{"id":21119,"href":"https:\/\/encuentroinformativo.com.mx\/index.php?rest_route=\/wp\/v2\/posts\/21118\/revisions\/21119"}],"wp:featuredmedia":[{"embeddable":true,"href":"https:\/\/encuentroinformativo.com.mx\/index.php?rest_route=\/wp\/v2\/media\/387"}],"wp:attachment":[{"href":"https:\/\/encuentroinformativo.com.mx\/index.php?rest_route=%2Fwp%2Fv2%2Fmedia&parent=21118"}],"wp:term":[{"taxonomy":"category","embeddable":true,"href":"https:\/\/encuentroinformativo.com.mx\/index.php?rest_route=%2Fwp%2Fv2%2Fcategories&post=21118"},{"taxonomy":"post_tag","embeddable":true,"href":"https:\/\/encuentroinformativo.com.mx\/index.php?rest_route=%2Fwp%2Fv2%2Ftags&post=21118"}],"curies":[{"name":"wp","href":"https:\/\/api.w.org\/{rel}","templated":true}]}}