{"id":21120,"date":"2021-12-09T08:51:24","date_gmt":"2021-12-09T14:51:24","guid":{"rendered":"https:\/\/encuentroinformativo.com.mx\/?p=21120"},"modified":"2021-12-09T08:51:27","modified_gmt":"2021-12-09T14:51:27","slug":"brotan-aguas-negras-en-coatepec","status":"publish","type":"post","link":"https:\/\/encuentroinformativo.com.mx\/?p=21120","title":{"rendered":"BROTAN AGUAS NEGRAS EN COATEPEC"},"content":{"rendered":"\n<p><strong>ColumnaSinNombre<br>@pablojair<\/strong><\/p>\n\n\n\n<ul class=\"wp-block-list\"><li>D\u00e9jenmeeeeeeee si estoy llorandoooooo\u2026<\/li><li>No hay pretexto: maestros tienen que ir a aulas.<\/li><li>Vacunas a maestros de 60 a\u00f1os y m\u00e1s.<\/li><\/ul>\n\n\n\n<p>Y la cantaleta de siempre: &#8220;La &#8216;Pucha&#8217; Sigue&#8221;<br>&#8211;Chopenjawer<\/p>\n\n\n\n<p>Una m\u00e1xima de varios gandallas empresarios es que se debe hacer negocios sin invertir dinero propio y mejor con recursos p\u00fablicos.<\/p>\n\n\n\n<p>Le cuento: desde hace al menos 5 a\u00f1os, se construy\u00f3 en Coatepec &#8211;en la v\u00eda que lleva a la planta de la Coca-Cola, conocido como Camino a Las Haciendas o a Mahuixtl\u00e1n&#8211; un fraccionamiento llamado \u201cLa Bella\u201d, que es un conjunto de al menos 20 casas de mediano lujo en un terreno hundido.<\/p>\n\n\n\n<p>El meollo con esas casas es que su drenaje y salida de aguas negras (supongo que por el tipo de predio) es un tubo cuyos residuos, por gravedad, salen por la parte trasera de dicha unidad habitacional y van a parar a un terreno enorme de la familia Mart\u00ednez, ricos cafetaleros que son due\u00f1os de varias propiedades en la ciudad y cuyo patriarca Juan Mart\u00ednez no tiene mucho qu\u00e9 falleci\u00f3.<\/p>\n\n\n\n<p>Este terreno se usa para guardar y correr caballos, aparte de que funciona como finca. Adem\u00e1s, en ese sitio tambi\u00e9n est\u00e1 sepultada una integrante de la familia.<\/p>\n\n\n\n<p>Desde hace algunos a\u00f1os, representantes de dicha familia han querido convencer a los vecinos para que se realice una protesta ya que la tuber\u00eda de descarga de residuales de &#8220;La Bella&#8221; va a parar directamente a su propiedad, lo que ya ha convertido el lugar en una zona de arroyos de aguas negras que en \u00e9poca de calor tiene un hedor insoportable: literalmente huele a caca todo el d\u00eda, afectando principalmente a los vecinos de la colonia Campo Viejo.<\/p>\n\n\n\n<p>Lo extra\u00f1o del asunto es que no cuadra el porqu\u00e9 apenas &#8220;se dieron cuenta&#8221; que los constructores de &#8220;La Bella&#8221; pusieron un tubo para descargar las aguas negras directamente a un terreno privado.<\/p>\n\n\n\n<p>O sea, \u00bfno se dieron cuenta de que se estaba construyendo un fraccionamiento atr\u00e1s de la finca y que podr\u00eda afectarles? \u00bfPasaron tantos a\u00f1os para notar que las aguas negras iban directamente a su propiedad que est\u00e1 constantemente vigilada con veladores y perros?<\/p>\n\n\n\n<p>Cualquier persona con tantito sentido com\u00fan no permitir\u00eda la descarga de aguas negras en su propiedad. Una familia tan conocedora como los Mart\u00ednez deber\u00eda de haber notado el conflicto como el que alguna vez detect\u00f3 el finado y connotado ciudadano Joaqu\u00edn Alc\u00e1ntara, de la comunidad Zimpizahua, quien hizo protesta cuando se enter\u00f3 que pretend\u00edan hacer un fraccionamiento cerca de la congregaci\u00f3n que producir\u00edan aguas negras cerca del poblado.<\/p>\n\n\n\n<p>En este sentido, se comenta que al parecer el fondo es que no les sali\u00f3 bien un negocio a los Mart\u00ednez y por eso buscan que vecinos los apoyen\/presionen para que el ayuntamiento les instale una tuber\u00eda (con cargo al erario p\u00fablico) que cruce en su terreno para conectarse a la red de drenaje p\u00fablico, con el argumento de que por sanidad se deben entubar esas aguas negras.<\/p>\n\n\n\n<p>Con lo anterior, los Mart\u00ednez podr\u00edan fraccionar ese terreno ahorr\u00e1ndose mucho dinero en el tema de la red de descarga sanitaria que se pagar\u00eda con recursos p\u00fablicos del Ayuntamiento.<\/p>\n\n\n\n<p>Es cierto: esas aguas negras deben entubarse, pero no con dinero del Ayuntamiento de Coatepec. Con esa l\u00f3gica, cualquier podr\u00eda entonces solicitar que se instale el drenaje de terrenos privados con cargo al erario.<\/p>\n\n\n\n<p>Este mi\u00e9rcoles se sabe que hubo otra reuni\u00f3n con vecinos, quienes se reunir\u00e1n con el alcalde saliente Enrique Fern\u00e1ndez para exponer la gravedad del asunto. A manera de advertencia, el representante de la familia Mart\u00ednez dijo que ya hab\u00eda &#8220;tapado&#8221; el tubo y que toda esa agua sucia se le revertir\u00e1 a las casas de alrededor.<\/p>\n\n\n\n<p>Que lo anterior fue apoyado por una persona que &#8211;seg\u00fan vecinos&#8211; fungi\u00f3 como palero y est\u00e1 identificado como esposo de una funcionaria electa en la pr\u00f3xima administraci\u00f3n municipal, diciendo que efectivamente ya no puede descargar su excusado de manera regular.<\/p>\n\n\n\n<p>\u00bfSer\u00e1 que los Mart\u00ednez sean tan caraduras para pedir que les instalen tuber\u00eda a cargo del Ayuntamiento de Coatepec pese al dineral que se sabe que tienen?<\/p>\n\n\n\n<p>Quiz\u00e1s lo anterior no sea algo nuevo, pues Coatepec desde hace algunos a\u00f1os vive una fiebre de construcciones de fraccionamientos en fincas cafetaleras, pero usando recursos p\u00fablicos cuando no salen bien planeadas las cosas.<\/p>\n\n\n\n<p>Un ejemplo de esto fue cuando las casas Geo del fraccionamiento &#8220;El Cafetal&#8221; estaban siendo abastecidas de agua por medio de pipas que se conectaban a la red p\u00fablica en una toma justo al lado de los Bomberos, haciendo un negociazo por los traslados.<\/p>\n\n\n\n<p>Seg\u00fan la reuni\u00f3n de ayer, entre los vecinos comentaron que hasta tomar\u00edan la reciente pista de hielo para manifestarse\u2026 \u00bfSer\u00e1?<\/p>\n\n\n\n<p><strong>NOTA PARA PEGAR EN EL REFRI: <\/strong>Cuando alguien tiene un estr\u00e9s tremendo guardado, dicen los psic\u00f3logos que a veces s\u00f3lo necesita un toque en el cuerpo, una palabra clave, para desencadenar una reacci\u00f3n descomunal de desplome emocional que deriva regularmente en llanto desesperado, en un desahogo tremebundo debido a la carga de sentimientos que el afectado no quiere expresar hasta que ya no puede y revienta\u2026 Eso quiz\u00e1s le pas\u00f3 este mi\u00e9rcoles a Miguel \u00c1ngel Yunes M\u00e1rquez en el informe de su hermano Fernando, alcalde saliente de Veracruz\u2026 Y es que los hermanos este mi\u00e9rcoles tuvieron que tragar sapos porque minutos antes del \u00faltimo informe de Fernando, les cay\u00f3 como bomba la noticia de que fue anulada por parte del Tribunal Electoral de Veracruz (TEV, todav\u00eda falta decisi\u00f3n del Tribunal Federal) la elecci\u00f3n municipal de Veracruz, donde Patricia Lobeira &#8211;esposa de Miguel&#8211; hab\u00eda sido supuestamente ganadora\u2026 Y es que Miguel brot\u00f3 en llanto desconsoladamente ah\u00ed frente a todos los asistentes, usando las manos para secarse las l\u00e1grimas cuando su hermano lo mencion\u00f3 en su discurso, pero no pudo aguantar tanta carga de emociones acumuladas\u2026 La imagen record\u00f3 a su padre el exgobernador Miguel \u00c1ngel Yunes Linares en aquella foto tomada por Miguel \u00c1ngel Carmona donde se ve al &#8220;chole\u00f1o&#8221; agarr\u00e1ndose la frente en se\u00f1al de derrota cuando su hijo perdi\u00f3 las elecciones a gobernador\u2026 Deben ser unas horas dif\u00edciles para los Yunes del Estero, acostumbrados siempre a estar envalentonados, mostrarse rudos y usando siempre mensajes victoriosos como &#8220;nunca nos vencer\u00e1n&#8221; y as\u00ed\u2026 Debe ser dif\u00edcil tener que absorber otro trago amargo, volver a tener nervios ante la incertidumbre y es aqu\u00ed donde el apoyo emocional familiar es muy necesario para no dejar caer al afectado\u2026 Es cierto: todav\u00eda no est\u00e1 definido todo y podr\u00edan cambiar las cosas en el tablero pol\u00edtico, pero el llanto de Miguel ya muestra la realidad de c\u00f3mo los hermanitos Yunes se sienten por dentro\u2026 A estas alturas quiz\u00e1s est\u00e1n arrepentidos de haber jubilado al patriarca y exiliarlo no s\u00f3lo del pa\u00eds, sino de la familia. Quiz\u00e1s la voz interna que m\u00e1s resuena es &#8220;\u00a1Quiero a mi papi!&#8221;, porque no es lo mismo caminar arrogantemente de la mano del padre que sin ella, sin su respaldo, experiencia, tenebra y contactos pol\u00edticos que tanto lo han protegido.<\/p>\n\n\n\n<p><strong>OTRA NOTA:<\/strong> El gobernador Cuitl\u00e1huac Garc\u00eda Jim\u00e9nez hizo un llamado en\u00e9rgico hacia los docentes que a\u00fan ponen de pretexto al coronavirus para evitar impartir clases presenciales, pues esto impacta en el desarrollo de la ni\u00f1ez y juventud veracruzanos\u2026 &#8220;Me preocupa que el ni\u00f1o m\u00e1s marginado, los j\u00f3venes que aspiran a salir adelante a trav\u00e9s de la educaci\u00f3n vean que algunos maestros no llegan a sus clases, a las aulas, pretextando la pandemia, eso no puede ser posible&#8221;\u2026 En este sentido, destac\u00f3 que la actual administraci\u00f3n estatal, desde el inicio, prioriz\u00f3 al sector educativo a trav\u00e9s de una vacunaci\u00f3n anticipada al gremio magisterial, el pago puntual de sueldos y prestaciones durante la pandemia; por lo que hoy es de suma importancia que respondan a la sociedad con la labor docente\u2026 &#8220;El docente fue privilegiado durante la pandemia, no perdieron su trabajo, por lo tanto s\u00ed nos corresponde, un compromiso social, de sacar adelante el rezago educativo que hubiera causado la pandemia&#8221;, recalc\u00f3 el mandatario estatal en el marco de la entrega de medallas a docentes que cumplieron 30 y 40 a\u00f1os al frente de los salones.<\/p>\n\n\n\n<p><strong>LA \u00daLTIMA PORQUE MA\u00d1ANA A BANCO E INE POR CARTERA EXTRAVIADA CON MILES DE EUROS: <\/strong>El titular de la Secretar\u00eda de Educaci\u00f3n en Veracruz (SEV), Zenyazen Escobar Garc\u00eda, confirm\u00f3 que en pr\u00f3ximas fechas iniciar\u00e1 la aplicaci\u00f3n del refuerzo contra el virus del Covid-19 para docentes mayores de 60 a\u00f1os de edad\u2026 Ser\u00e1n la Secretar\u00eda de Salud (SS), Secretar\u00eda de la Defensa Nacional (SEDENA) y las brigadas Correcaminos los que definir\u00e1n cada uno de los centros de vacunaci\u00f3n a instalar en la entidad\u2026 Entrevistado en las instalaciones del World Trade Center, donde se llev\u00f3 a cabo el festejo del &#8220;D\u00eda del Maestro 2021&#8221;, el funcionario estatal mencion\u00f3 que derivado de la inquietud que exist\u00eda entre el magisterio por la unidosis de la vacuna CanSino Biologics aplicada a los trabajadores del sector educativo, el presidente de M\u00e9xico, Andr\u00e9s Manuel L\u00f3pez Obrador y el gobernador Cuitl\u00e1huac Garc\u00eda Jim\u00e9nez, es que anunciaron la dosis de refuerzo\u2026 Explic\u00f3 que los primeros en recibir el refuerzo ser\u00e1n aquellos docentes mayores de 60 a\u00f1os y cuenten con seis meses de haberse aplicado la \u00faltima dosis. Posteriormente, en un segundo grupo de edad se incluir\u00e1 al resto de los trabajadores del sector educativo.<\/p>\n","protected":false},"excerpt":{"rendered":"<p>ColumnaSinNombre@pablojair D\u00e9jenmeeeeeeee si estoy llorandoooooo\u2026 No hay pretexto: maestros tienen que ir a aulas. Vacunas a maestros de 60 a\u00f1os y m\u00e1s. Y la cantaleta de siempre: &#8220;La &#8216;Pucha&#8217; Sigue&#8221;&#8211;Chopenjawer Una m\u00e1xima de varios gandallas empresarios es que se debe hacer negocios sin invertir dinero propio y mejor con recursos p\u00fablicos. Le cuento: desde hace [&hellip;]<\/p>\n","protected":false},"author":1,"featured_media":488,"comment_status":"open","ping_status":"open","sticky":false,"template":"","format":"standard","meta":{"_jetpack_memberships_contains_paid_content":false,"footnotes":""},"categories":[11],"tags":[],"class_list":["post-21120","post","type-post","status-publish","format-standard","has-post-thumbnail","hentry","category-opinion"],"jetpack_featured_media_url":"https:\/\/encuentroinformativo.com.mx\/wp-content\/uploads\/2020\/03\/F471F608-BA1A-416B-BA7B-BCFB24F4E6D0.jpeg","jetpack_sharing_enabled":true,"jetpack_likes_enabled":true,"amp_enabled":true,"_links":{"self":[{"href":"https:\/\/encuentroinformativo.com.mx\/index.php?rest_route=\/wp\/v2\/posts\/21120","targetHints":{"allow":["GET"]}}],"collection":[{"href":"https:\/\/encuentroinformativo.com.mx\/index.php?rest_route=\/wp\/v2\/posts"}],"about":[{"href":"https:\/\/encuentroinformativo.com.mx\/index.php?rest_route=\/wp\/v2\/types\/post"}],"author":[{"embeddable":true,"href":"https:\/\/encuentroinformativo.com.mx\/index.php?rest_route=\/wp\/v2\/users\/1"}],"replies":[{"embeddable":true,"href":"https:\/\/encuentroinformativo.com.mx\/index.php?rest_route=%2Fwp%2Fv2%2Fcomments&post=21120"}],"version-history":[{"count":1,"href":"https:\/\/encuentroinformativo.com.mx\/index.php?rest_route=\/wp\/v2\/posts\/21120\/revisions"}],"predecessor-version":[{"id":21121,"href":"https:\/\/encuentroinformativo.com.mx\/index.php?rest_route=\/wp\/v2\/posts\/21120\/revisions\/21121"}],"wp:featuredmedia":[{"embeddable":true,"href":"https:\/\/encuentroinformativo.com.mx\/index.php?rest_route=\/wp\/v2\/media\/488"}],"wp:attachment":[{"href":"https:\/\/encuentroinformativo.com.mx\/index.php?rest_route=%2Fwp%2Fv2%2Fmedia&parent=21120"}],"wp:term":[{"taxonomy":"category","embeddable":true,"href":"https:\/\/encuentroinformativo.com.mx\/index.php?rest_route=%2Fwp%2Fv2%2Fcategories&post=21120"},{"taxonomy":"post_tag","embeddable":true,"href":"https:\/\/encuentroinformativo.com.mx\/index.php?rest_route=%2Fwp%2Fv2%2Ftags&post=21120"}],"curies":[{"name":"wp","href":"https:\/\/api.w.org\/{rel}","templated":true}]}}