{"id":21122,"date":"2021-12-09T11:29:30","date_gmt":"2021-12-09T17:29:30","guid":{"rendered":"https:\/\/encuentroinformativo.com.mx\/?p=21122"},"modified":"2021-12-09T11:29:34","modified_gmt":"2021-12-09T17:29:34","slug":"acusan-comerciantes-que-no-los-dejan-trabajar-amagan-con-bloqueos","status":"publish","type":"post","link":"https:\/\/encuentroinformativo.com.mx\/?p=21122","title":{"rendered":"Acusan comerciantes que no los dejan trabajar; amagan con bloqueos"},"content":{"rendered":"\n<p><strong>Juan Arcos<\/strong><\/p>\n\n\n\n<p>Xalapa, Ver.- Comerciantes de Plaza Clavijero est\u00e1n inconformes debido a que el ayuntamiento de Xalapa a\u00fan no les ha autorizado instalar sus puestos afuera de dicho recinto comercial durante esta temporada.<\/p>\n\n\n\n<p>Los vendedores pretenden ofertar sus productos de la temporada de decembrina, como lo han realizado a\u00f1o tras a\u00f1o sobre la calle Francisco Javier Clavijero, en el Centro Hist\u00f3rico de esta ciudad.<\/p>\n\n\n\n<p>Los trabajadores indicaron, de manera an\u00f3nima, que han presentado las solicitudes de manera formal al ayuntamiento de Xalapa para que les permitan laborar de dicha manera.<\/p>\n\n\n\n<p>Sin embargo, la ma\u00f1ana de este jueves 9 de diciembre dieron a conocer que, sin ninguna explicaci\u00f3n por parte de las autoridades municipales, encontraron la plaza comercial cerrada y no pudieron ingresar a trabajar a las nueve de la ma\u00f1ana.<\/p>\n\n\n\n<p>Los l\u00edderes de los vendedores se trasladaron al Palacio Municipal para dialogar con las autoridades en busca de informaci\u00f3n sobre dicha situaci\u00f3n, as\u00ed como tambi\u00e9n, por los permisos que est\u00e1n pendientes.<\/p>\n\n\n\n<p>\u201cEstamos aqu\u00ed apoyando, todos somos vendedores, la plaza est\u00e1 cerrada, desde que llegamos estaba cerrada, entonces el comit\u00e9 de aqu\u00ed baj\u00f3 al ayuntamiento para buscar informaci\u00f3n\u201d, expresaron.<\/p>\n\n\n\n<p>Los inconformes se concentraron afuera del sitio comercial en espera de una respuesta favorable por parte del gobierno municipal.\u00a0<br>El cierre de la plaza comercial ocasion\u00f3 p\u00e9rdidas econ\u00f3micas a los locatarios, quienes pidieron a las autoridades municipales que les permitan trabajar.<\/p>\n","protected":false},"excerpt":{"rendered":"<p>Juan Arcos Xalapa, Ver.- Comerciantes de Plaza Clavijero est\u00e1n inconformes debido a que el ayuntamiento de Xalapa a\u00fan no les ha autorizado instalar sus puestos afuera de dicho recinto comercial durante esta temporada. Los vendedores pretenden ofertar sus productos de la temporada de decembrina, como lo han realizado a\u00f1o tras a\u00f1o sobre la calle Francisco [&hellip;]<\/p>\n","protected":false},"author":1,"featured_media":21123,"comment_status":"open","ping_status":"open","sticky":false,"template":"","format":"standard","meta":{"_jetpack_memberships_contains_paid_content":false,"footnotes":""},"categories":[3],"tags":[],"class_list":["post-21122","post","type-post","status-publish","format-standard","has-post-thumbnail","hentry","category-xalapa"],"jetpack_featured_media_url":"https:\/\/encuentroinformativo.com.mx\/wp-content\/uploads\/2021\/12\/45A87838-F6F4-4D16-9E30-785007DD19F1.jpeg","jetpack_sharing_enabled":true,"jetpack_likes_enabled":true,"amp_enabled":true,"_links":{"self":[{"href":"https:\/\/encuentroinformativo.com.mx\/index.php?rest_route=\/wp\/v2\/posts\/21122","targetHints":{"allow":["GET"]}}],"collection":[{"href":"https:\/\/encuentroinformativo.com.mx\/index.php?rest_route=\/wp\/v2\/posts"}],"about":[{"href":"https:\/\/encuentroinformativo.com.mx\/index.php?rest_route=\/wp\/v2\/types\/post"}],"author":[{"embeddable":true,"href":"https:\/\/encuentroinformativo.com.mx\/index.php?rest_route=\/wp\/v2\/users\/1"}],"replies":[{"embeddable":true,"href":"https:\/\/encuentroinformativo.com.mx\/index.php?rest_route=%2Fwp%2Fv2%2Fcomments&post=21122"}],"version-history":[{"count":1,"href":"https:\/\/encuentroinformativo.com.mx\/index.php?rest_route=\/wp\/v2\/posts\/21122\/revisions"}],"predecessor-version":[{"id":21124,"href":"https:\/\/encuentroinformativo.com.mx\/index.php?rest_route=\/wp\/v2\/posts\/21122\/revisions\/21124"}],"wp:featuredmedia":[{"embeddable":true,"href":"https:\/\/encuentroinformativo.com.mx\/index.php?rest_route=\/wp\/v2\/media\/21123"}],"wp:attachment":[{"href":"https:\/\/encuentroinformativo.com.mx\/index.php?rest_route=%2Fwp%2Fv2%2Fmedia&parent=21122"}],"wp:term":[{"taxonomy":"category","embeddable":true,"href":"https:\/\/encuentroinformativo.com.mx\/index.php?rest_route=%2Fwp%2Fv2%2Fcategories&post=21122"},{"taxonomy":"post_tag","embeddable":true,"href":"https:\/\/encuentroinformativo.com.mx\/index.php?rest_route=%2Fwp%2Fv2%2Ftags&post=21122"}],"curies":[{"name":"wp","href":"https:\/\/api.w.org\/{rel}","templated":true}]}}