{"id":21131,"date":"2021-12-09T16:00:24","date_gmt":"2021-12-09T22:00:24","guid":{"rendered":"https:\/\/encuentroinformativo.com.mx\/?p=21131"},"modified":"2021-12-09T16:00:28","modified_gmt":"2021-12-09T22:00:28","slug":"ine-pide-mas-recursos-para-proceso-de-revocacion","status":"publish","type":"post","link":"https:\/\/encuentroinformativo.com.mx\/?p=21131","title":{"rendered":"INE pide m\u00e1s recursos para proceso de revocaci\u00f3n"},"content":{"rendered":"\n<p><strong>Juan Arcos<\/strong> <\/p>\n\n\n\n<p>Xalapa, Ver.- El Instituto Nacional Electoral (INE) destin\u00f3 un presupuesto para la realizaci\u00f3n de la consulta de revocaci\u00f3n de mandato contra el presidente Andr\u00e9s Manuel Lop\u00e9z Obrador; sin embargo, es insuficiente.<\/p>\n\n\n\n<p>De acuerdo con Josu\u00e9 Cervantes Mart\u00ednez, vocal ejecutivo en la Junta Local Ejecutiva del INE en Veracruz, para el proceso de revocaci\u00f3n se necesitan cerca de 3 mil 800 millones de pesos.<\/p>\n\n\n\n<p>\u201cHay una diferencia sustantiva respecto a los recursos, ya el INE hizo una primera evaluaci\u00f3n respecto de qu\u00e9 programa y qu\u00e9 adquisiciones puede dejar de hacer, tiene ya una bolsa, pero es insuficiente\u201d, expres\u00f3.<\/p>\n\n\n\n<p>En este momento, el INE cuenta con una bolsa de mil millones de pesos; sin embargo, requiere dos mil 800 millones de pesos m\u00e1s para la realizaci\u00f3n de dicho proceso democr\u00e1tico en el pa\u00eds.<\/p>\n\n\n\n<p>Por ese motivo, durante el mi\u00e9rcoles 8 de diciembre, el \u00f3rgano electoral present\u00f3 una controversia constitucional, en espera de que la Suprema Corte de Justicia de la Naci\u00f3n (SCJN) atienda la petici\u00f3n.<\/p>\n\n\n\n<p>\u201cEl INE tiene proyectado un ahorro de poco m\u00e1s de mil millones de pesos, de tal manera que estar\u00edamos hablando de una diferencia de poco m\u00e1s de dos mil millones de pesos adicionales\u201d.<\/p>\n\n\n\n<p>Por otra parte, Cervantes Mart\u00ednez opin\u00f3 sobre las declaraciones del gobernador Cuitl\u00e1huac Garc\u00eda Jim\u00e9nez en rechazo a la veda electoral por dicho proceso y enfatiz\u00f3 que el INE hizo la notificaci\u00f3n a causa de un mandamiento legal.<\/p>\n\n\n\n<p>\u201cLa ley federal de revocaci\u00f3n de mandato ordena que entre la convocatoria de revocaci\u00f3n de mandato y el d\u00eda de la jornada se suspenda toda la propaganda gubernamental, esto es entre el 4 de febrero y el 10 de abril\u201d, remat\u00f3.\u00a0<\/p>\n","protected":false},"excerpt":{"rendered":"<p>Juan Arcos Xalapa, Ver.- El Instituto Nacional Electoral (INE) destin\u00f3 un presupuesto para la realizaci\u00f3n de la consulta de revocaci\u00f3n de mandato contra el presidente Andr\u00e9s Manuel Lop\u00e9z Obrador; sin embargo, es insuficiente. De acuerdo con Josu\u00e9 Cervantes Mart\u00ednez, vocal ejecutivo en la Junta Local Ejecutiva del INE en Veracruz, para el proceso de revocaci\u00f3n [&hellip;]<\/p>\n","protected":false},"author":1,"featured_media":21132,"comment_status":"open","ping_status":"open","sticky":false,"template":"","format":"standard","meta":{"_jetpack_memberships_contains_paid_content":false,"footnotes":""},"categories":[2],"tags":[],"class_list":["post-21131","post","type-post","status-publish","format-standard","has-post-thumbnail","hentry","category-estado"],"jetpack_featured_media_url":"https:\/\/encuentroinformativo.com.mx\/wp-content\/uploads\/2021\/12\/E45DC3DB-999F-4CEC-8B29-747D2E80BB1D.jpeg","jetpack_sharing_enabled":true,"jetpack_likes_enabled":true,"amp_enabled":true,"_links":{"self":[{"href":"https:\/\/encuentroinformativo.com.mx\/index.php?rest_route=\/wp\/v2\/posts\/21131","targetHints":{"allow":["GET"]}}],"collection":[{"href":"https:\/\/encuentroinformativo.com.mx\/index.php?rest_route=\/wp\/v2\/posts"}],"about":[{"href":"https:\/\/encuentroinformativo.com.mx\/index.php?rest_route=\/wp\/v2\/types\/post"}],"author":[{"embeddable":true,"href":"https:\/\/encuentroinformativo.com.mx\/index.php?rest_route=\/wp\/v2\/users\/1"}],"replies":[{"embeddable":true,"href":"https:\/\/encuentroinformativo.com.mx\/index.php?rest_route=%2Fwp%2Fv2%2Fcomments&post=21131"}],"version-history":[{"count":1,"href":"https:\/\/encuentroinformativo.com.mx\/index.php?rest_route=\/wp\/v2\/posts\/21131\/revisions"}],"predecessor-version":[{"id":21133,"href":"https:\/\/encuentroinformativo.com.mx\/index.php?rest_route=\/wp\/v2\/posts\/21131\/revisions\/21133"}],"wp:featuredmedia":[{"embeddable":true,"href":"https:\/\/encuentroinformativo.com.mx\/index.php?rest_route=\/wp\/v2\/media\/21132"}],"wp:attachment":[{"href":"https:\/\/encuentroinformativo.com.mx\/index.php?rest_route=%2Fwp%2Fv2%2Fmedia&parent=21131"}],"wp:term":[{"taxonomy":"category","embeddable":true,"href":"https:\/\/encuentroinformativo.com.mx\/index.php?rest_route=%2Fwp%2Fv2%2Fcategories&post=21131"},{"taxonomy":"post_tag","embeddable":true,"href":"https:\/\/encuentroinformativo.com.mx\/index.php?rest_route=%2Fwp%2Fv2%2Ftags&post=21131"}],"curies":[{"name":"wp","href":"https:\/\/api.w.org\/{rel}","templated":true}]}}