{"id":21134,"date":"2021-12-09T16:39:16","date_gmt":"2021-12-09T22:39:16","guid":{"rendered":"https:\/\/encuentroinformativo.com.mx\/?p=21134"},"modified":"2021-12-09T16:39:19","modified_gmt":"2021-12-09T22:39:19","slug":"iniciaran-refuerzo-de-vacunacion-para-adultos-mayores","status":"publish","type":"post","link":"https:\/\/encuentroinformativo.com.mx\/?p=21134","title":{"rendered":"Iniciar\u00e1n refuerzo de vacunaci\u00f3n para adultos mayores"},"content":{"rendered":"\n<p><strong>Dar\u00edo Pale <\/strong><\/p>\n\n\n\n<p>Xalapa, Ver.- El delegado del Bienestar en Veracruz, Manuel Huerta Ladron de Guevara dio a conocer que ya est\u00e1 lista la tercera jornada anticovid para adultos mayores de 60 a\u00f1os, la cual iniciar\u00e1 en Veracruz y Xalapa la pr\u00f3xima semana; se les aplicar\u00e1 <em>AstraZeneca<\/em>.<\/p>\n\n\n\n<p>Se\u00f1alo que, ser\u00e1 el pr\u00f3ximo 12 de diciembre que se vacune a los de Veracruz puerto, mientras que para Xalapa ser\u00e1 el pr\u00f3ximo 13 de diciembre, la vacuna que se les aplicar\u00e1 ser\u00e1 la AstraZeneca.<\/p>\n\n\n\n<p>Es en estos dos municipios iniciar\u00e1 la jornada de refuerzos y pronto habr\u00e1 un programa de distribuci\u00f3n general, \u201clo haremos del 13 al 17 de diciembre aqu\u00ed en Xalapa, en Veracruz puerto iniciamos un d\u00eda antes y aqu\u00ed vamos a tener nueve sedes\u201d.<\/p>\n\n\n\n<p>Las sedes esta ocasi\u00f3n ser\u00e1n nueve, el Gimnasio Deportivos Omega, el Gimnasio del Fovissste, la facultad de medicina, la Normal Veracruzana, la Colonia constituyentes, Torre el Olmo, el Gimnasio de la Lagunilla, una Telesecundaria en la colonia Rafael Lucio, y el sal\u00f3n Ejidal de la localidad del Castillo.<\/p>\n\n\n\n<p>Finalmente dio a conocer que con esto, se espera que al concluir el a\u00f1o, el 80 por ciento de la poblaci\u00f3n ya este inmunizada contra el virus.<\/p>\n","protected":false},"excerpt":{"rendered":"<p>Dar\u00edo Pale Xalapa, Ver.- El delegado del Bienestar en Veracruz, Manuel Huerta Ladron de Guevara dio a conocer que ya est\u00e1 lista la tercera jornada anticovid para adultos mayores de 60 a\u00f1os, la cual iniciar\u00e1 en Veracruz y Xalapa la pr\u00f3xima semana; se les aplicar\u00e1 AstraZeneca. Se\u00f1alo que, ser\u00e1 el pr\u00f3ximo 12 de diciembre que [&hellip;]<\/p>\n","protected":false},"author":1,"featured_media":21135,"comment_status":"open","ping_status":"open","sticky":false,"template":"","format":"standard","meta":{"_jetpack_memberships_contains_paid_content":false,"footnotes":""},"categories":[9],"tags":[],"class_list":["post-21134","post","type-post","status-publish","format-standard","has-post-thumbnail","hentry","category-salud"],"jetpack_featured_media_url":"https:\/\/encuentroinformativo.com.mx\/wp-content\/uploads\/2021\/12\/D5825EF8-0AA8-40DC-A859-FD8C2877F63C.jpeg","jetpack_sharing_enabled":true,"jetpack_likes_enabled":true,"amp_enabled":true,"_links":{"self":[{"href":"https:\/\/encuentroinformativo.com.mx\/index.php?rest_route=\/wp\/v2\/posts\/21134","targetHints":{"allow":["GET"]}}],"collection":[{"href":"https:\/\/encuentroinformativo.com.mx\/index.php?rest_route=\/wp\/v2\/posts"}],"about":[{"href":"https:\/\/encuentroinformativo.com.mx\/index.php?rest_route=\/wp\/v2\/types\/post"}],"author":[{"embeddable":true,"href":"https:\/\/encuentroinformativo.com.mx\/index.php?rest_route=\/wp\/v2\/users\/1"}],"replies":[{"embeddable":true,"href":"https:\/\/encuentroinformativo.com.mx\/index.php?rest_route=%2Fwp%2Fv2%2Fcomments&post=21134"}],"version-history":[{"count":1,"href":"https:\/\/encuentroinformativo.com.mx\/index.php?rest_route=\/wp\/v2\/posts\/21134\/revisions"}],"predecessor-version":[{"id":21136,"href":"https:\/\/encuentroinformativo.com.mx\/index.php?rest_route=\/wp\/v2\/posts\/21134\/revisions\/21136"}],"wp:featuredmedia":[{"embeddable":true,"href":"https:\/\/encuentroinformativo.com.mx\/index.php?rest_route=\/wp\/v2\/media\/21135"}],"wp:attachment":[{"href":"https:\/\/encuentroinformativo.com.mx\/index.php?rest_route=%2Fwp%2Fv2%2Fmedia&parent=21134"}],"wp:term":[{"taxonomy":"category","embeddable":true,"href":"https:\/\/encuentroinformativo.com.mx\/index.php?rest_route=%2Fwp%2Fv2%2Fcategories&post=21134"},{"taxonomy":"post_tag","embeddable":true,"href":"https:\/\/encuentroinformativo.com.mx\/index.php?rest_route=%2Fwp%2Fv2%2Ftags&post=21134"}],"curies":[{"name":"wp","href":"https:\/\/api.w.org\/{rel}","templated":true}]}}