{"id":21140,"date":"2021-12-09T14:53:19","date_gmt":"2021-12-09T20:53:19","guid":{"rendered":"https:\/\/encuentroinformativo.com.mx\/?p=21140"},"modified":"2021-12-09T17:01:33","modified_gmt":"2021-12-09T23:01:33","slug":"sufre-gobernador-percance-vial-en-poza-rica","status":"publish","type":"post","link":"https:\/\/encuentroinformativo.com.mx\/?p=21140","title":{"rendered":"Sufre gobernador percance vial en Poza Rica"},"content":{"rendered":"\n<p><strong>Dar\u00edo Pale<\/strong><\/p>\n\n\n\n<p>Xalapa, Ver.- El gobernador del Estado, Cuitl\u00e1huac Garc\u00eda Jim\u00e9nez sufri\u00f3 un percance vehicular al impactarse la camioneta en la que viajaba contra de una camioneta de Modelo atrasado que circulaba sobre la carretera Poza Rica-Coatzintla sin que alguien saliera lesionado.<\/p>\n\n\n\n<p>Los hechos ocurrieron sobre la carretera Poza Rica-Coatzintla, a la altura del lugar conocido como la &#8220;Curva Marina&#8221; entre las colonias Divisi\u00f3n de Oriente y 12 de octubre, a donde arribaron elementos de la Polic\u00eda Vial, para tomar conocimiento de lo ocurrido, esto despu\u00e9s de que el mandatario estatal acudiera al informe del alcalde Francisco Javier Vel\u00e1zquez Vallejo.<\/p>\n\n\n\n<p>Al parecer viajaba con algunos de sus colaboradores cuando impact\u00f3 una camioneta Chevrolet, afortunadamente ninguno de los tripulantes result\u00f3 con lesiones, hasta este momento no se tienen mayores detalles de c\u00f3mo se encuentran tanto el mandatario como sus colaboradores ni los ocupantes de la otra unidad impactada.<\/p>\n\n\n\n<p>El veh\u00edculo oficial de color blanco sufri\u00f3 da\u00f1os en la facia delantera, donde despu\u00e9s de llagar a un acuerdo las partes afectadas el accidente no pas\u00f3 a mayores.<\/p>\n","protected":false},"excerpt":{"rendered":"<p>Dar\u00edo Pale Xalapa, Ver.- El gobernador del Estado, Cuitl\u00e1huac Garc\u00eda Jim\u00e9nez sufri\u00f3 un percance vehicular al impactarse la camioneta en la que viajaba contra de una camioneta de Modelo atrasado que circulaba sobre la carretera Poza Rica-Coatzintla sin que alguien saliera lesionado. Los hechos ocurrieron sobre la carretera Poza Rica-Coatzintla, a la altura del lugar [&hellip;]<\/p>\n","protected":false},"author":1,"featured_media":21141,"comment_status":"open","ping_status":"open","sticky":false,"template":"","format":"standard","meta":{"_jetpack_memberships_contains_paid_content":false,"footnotes":""},"categories":[2],"tags":[],"class_list":["post-21140","post","type-post","status-publish","format-standard","has-post-thumbnail","hentry","category-estado"],"jetpack_featured_media_url":"https:\/\/encuentroinformativo.com.mx\/wp-content\/uploads\/2021\/12\/A03F18F1-5FD9-4E7A-8894-0CCFCCE6D385.jpeg","jetpack_sharing_enabled":true,"jetpack_likes_enabled":true,"amp_enabled":true,"_links":{"self":[{"href":"https:\/\/encuentroinformativo.com.mx\/index.php?rest_route=\/wp\/v2\/posts\/21140","targetHints":{"allow":["GET"]}}],"collection":[{"href":"https:\/\/encuentroinformativo.com.mx\/index.php?rest_route=\/wp\/v2\/posts"}],"about":[{"href":"https:\/\/encuentroinformativo.com.mx\/index.php?rest_route=\/wp\/v2\/types\/post"}],"author":[{"embeddable":true,"href":"https:\/\/encuentroinformativo.com.mx\/index.php?rest_route=\/wp\/v2\/users\/1"}],"replies":[{"embeddable":true,"href":"https:\/\/encuentroinformativo.com.mx\/index.php?rest_route=%2Fwp%2Fv2%2Fcomments&post=21140"}],"version-history":[{"count":1,"href":"https:\/\/encuentroinformativo.com.mx\/index.php?rest_route=\/wp\/v2\/posts\/21140\/revisions"}],"predecessor-version":[{"id":21142,"href":"https:\/\/encuentroinformativo.com.mx\/index.php?rest_route=\/wp\/v2\/posts\/21140\/revisions\/21142"}],"wp:featuredmedia":[{"embeddable":true,"href":"https:\/\/encuentroinformativo.com.mx\/index.php?rest_route=\/wp\/v2\/media\/21141"}],"wp:attachment":[{"href":"https:\/\/encuentroinformativo.com.mx\/index.php?rest_route=%2Fwp%2Fv2%2Fmedia&parent=21140"}],"wp:term":[{"taxonomy":"category","embeddable":true,"href":"https:\/\/encuentroinformativo.com.mx\/index.php?rest_route=%2Fwp%2Fv2%2Fcategories&post=21140"},{"taxonomy":"post_tag","embeddable":true,"href":"https:\/\/encuentroinformativo.com.mx\/index.php?rest_route=%2Fwp%2Fv2%2Ftags&post=21140"}],"curies":[{"name":"wp","href":"https:\/\/api.w.org\/{rel}","templated":true}]}}