{"id":21146,"date":"2021-12-10T11:32:20","date_gmt":"2021-12-10T17:32:20","guid":{"rendered":"https:\/\/encuentroinformativo.com.mx\/?p=21146"},"modified":"2021-12-10T11:32:24","modified_gmt":"2021-12-10T17:32:24","slug":"preocupa-reinicio-de-programa-quedate-en-mexico-cndh","status":"publish","type":"post","link":"https:\/\/encuentroinformativo.com.mx\/?p=21146","title":{"rendered":"Preocupa reinicio de programa \u201cQu\u00e9date en M\u00e9xico\u201d: CNDH"},"content":{"rendered":"\n<p>Ciudad de M\u00e9xico.- La presidenta de la Comisi\u00f3n Nacional de los Derechos Humanos (CNDH), Rosario Piedra Ibarra, presenta el \u201cInforme Especial de la CNDH sobre los Protocolos de Protecci\u00f3n a Migrantes (MPP) \u2013 Programa Qu\u00e9date en M\u00e9xico 2019-2021. An\u00e1lisis de su impacto en los derechos humanos de las personas en movilidad en M\u00e9xico\u201d, a fin de visibilizar las implicaciones que, en materia de acceso a sus derechos tuvo la implementaci\u00f3n para las personas de nacionalidad diferente a la mexicana que solicitaron asilo en los Estados Unidos de Am\u00e9rica (EUA) y que, entre enero de 2019 y junio de 2021, debieron esperar en M\u00e9xico la cita en las cortes de aquel pa\u00eds para continuar con su tr\u00e1mite de resoluci\u00f3n.<\/p>\n\n\n\n<p>Para la CNDH es muy preocupante el anuncio del reinicio del Programa \u201cQu\u00e9date en M\u00e9xico\u201d, a partir del 6 de diciembre de 2021, lo que podr\u00eda agravar las condiciones, de por si lamentables, en las que se encuentran miles de personas migrantes a lo largo de la frontera norte. Nos preocupa especialmente el alto porcentaje de ni\u00f1as, ni\u00f1os y adolescentes, varados en la frontera, sin el apoyo necesario para generar sus planes de protecci\u00f3n.<\/p>\n\n\n\n<p>El MPP se desarrolla en medio de la compleja problem\u00e1tica migratoria que ha existido por mucho tiempo entre nuestro pa\u00eds y Estados Unidos de Am\u00e9rica. La primera consecuencia que deriv\u00f3 del Programa \u201cQu\u00e9date en M\u00e9xico\u201d fue que la espera de las personas en nuestro pa\u00eds para la cita con la que continuar\u00edan su tr\u00e1mite de refugio en EUA, aconteci\u00f3 en condiciones muy precarias: hacinamiento, insalubridad y miedo vulneraron su seguridad humana.<\/p>\n\n\n\n<p>Adem\u00e1s, el Informe Especial documenta que al grupo de quienes estaban inscritos en las listas del MPP se fueron sumando otras personas solicitantes de la condici\u00f3n de refugiadas, as\u00ed como mexicanas y mexicanos en situaci\u00f3n de desplazamiento forzado interno.<\/p>\n\n\n\n<p>Para la CNDH, la atenci\u00f3n a las personas en contexto de migraci\u00f3n ha sido motivo de gran preocupaci\u00f3n institucional debido a sus condiciones de especial vulnerabilidad, en particular, los grupos en mayor riesgo como ni\u00f1as, ni\u00f1os y adolescentes acompa\u00f1ados o no acompa\u00f1ados, las mujeres, las personas adultas mayores, las personas con discapacidad, y las personas de la comunidad LGBTTTIQ+.<\/p>\n\n\n\n<p>Entre 2019 y 2021, la CNDH materializ\u00f3 sus facultades emitiendo constantes solicitudes de medidas cautelares a los distintos \u00f3rdenes de gobierno en favor de las personas bajo el MPP, con el objeto de impulsar acciones espec\u00edficas para la dotaci\u00f3n de servicios de salud e higiene, suministro de medicamentos, medidas de seguridad frente a posibles actos de violencia, entre otros. Asimismo, dado el contexto de incertidumbre que provoc\u00f3 el virus SARS-CoV2, tambi\u00e9n fueron solicitadas medidas de prevenci\u00f3n e identificaci\u00f3n de la enfermedad para impedir o reducir al m\u00ednimo su propagaci\u00f3n y efectos adversos en la poblaci\u00f3n migrante.<\/p>\n\n\n\n<p>Es importante tomar en cuenta que las personas en contexto de migraci\u00f3n viajan regularmente en condiciones de gran precariedad, con escasos recursos econ\u00f3micos, y, si a eso se a\u00f1ade que la espera en M\u00e9xico para continuar con el proceso de resoluci\u00f3n sobre su solicitud de reconocimiento de refugiados en EUA dur\u00f3 m\u00e1s de dos a\u00f1os, y que las instituciones del Estado mexicano, tanto federales como estatales y municipales no estaban preparadas para atender esta situaci\u00f3n extraordinaria, se generaron condiciones de crisis humanitaria.<\/p>\n\n\n\n<p>Por lo que se refiere a ni\u00f1as, ni\u00f1os y adolescentes, as\u00ed como mujeres embarazadas, la CNDH identific\u00f3 tambi\u00e9n otras carencias esenciales para su buen desarrollo f\u00edsico y psicoemocional, realizando las gestiones necesarias para su atenci\u00f3n.<\/p>\n\n\n\n<p>La Comisi\u00f3n Nacional reconoce la solidaridad de organizaciones de sociedad civil y de personas que apoyaron a quienes se encontraban en los campamentos, casas y albergues para migrantes, que durante m\u00e1s de dos a\u00f1os, ofrecieron espacio, asesor\u00eda jur\u00eddica, atenci\u00f3n y servicios. Asimismo, celebra el esfuerzo ante esta situaci\u00f3n in\u00e9dita del entramado institucional del pa\u00eds.<\/p>\n\n\n\n<p>Dentro de las propuestas contenidas en el Informe, la presidenta de la CNDH subraya las siguientes:<\/p>\n\n\n\n<ol class=\"wp-block-list\"><li>La CNDH hace un llamado a los tres niveles de Gobierno para velar por las personas migrantes que se encuentran en el territorio mexicano y, en particular, las sujetas al Programa \u201cQu\u00e9date en M\u00e9xico\u201d, de modo que tengan acceso a un alojamiento digno, alimentos, servicios de salud y a la vacuna contra el COVID-19, as\u00ed como a trabajo y educaci\u00f3n mientras esperan su respectivo procedimiento.<\/li><li>Se exhorta de manera especial a la Secretar\u00eda de Relaciones Exteriores a fin de que, mediante su trabajo diplom\u00e1tico, haga saber al gobierno de Estados Unidos de Am\u00e9rica la urgencia de poner fin a un Programa que vulnera, entre otros, el principio de no devoluci\u00f3n, y a buscar mecanismos multilaterales para atender las causas que han obligado a tantas personas a abandonar sus lugares de origen para solicitar refugio en aquel pa\u00eds.<\/li><li>M\u00e9xico debe fortalecer la inversi\u00f3n para consolidar un sistema de acogida integral, protecci\u00f3n temporal e integraci\u00f3n de las personas solicitantes de asilo, en el que participe la Secretar\u00eda de Salud federal y las estatales; el Sistema Nacional DIF y los sistemas DIF estatales, la Secretar\u00eda de Bienestar federal y las estatales; la Secretar\u00eda del Trabajo y Previsi\u00f3n Social y las Secretar\u00edas del Trabajo en los estados, los programas de atenci\u00f3n a migrantes en las entidades federativas, as\u00ed como todas las autoridades con competencia en la atenci\u00f3n a las personas en situaci\u00f3n de vulnerabilidad.<\/li><li>Es necesario que el Congreso de la Uni\u00f3n desarrolle los instrumentos jur\u00eddicos y presupuestales necesarios para atender a las personas que quedan sujetas a las emergencias migratorias. El legislativo deber\u00e1 dar tr\u00e1mite a la Ley en materia de desplazamiento forzado interno, pues ha resultado evidente que los casos aumentan, y las personas se desplazan hacia la frontera norte, con el objetivo de solicitar asilo en Estados Unidos de Am\u00e9rica.<\/li><li>La Secretar\u00eda de Gobernaci\u00f3n, a trav\u00e9s de la Comisi\u00f3n Mexicana de Ayuda a Refugiados (COMAR), debe trabajar con la Secretar\u00eda de Hacienda para generar mecanismos que garanticen que todos los albergues para migrantes que existen en el pa\u00eds tengan los recursos necesarios a fin de cumplir con los est\u00e1ndares para prestaci\u00f3n de servicios de asistencia social para ni\u00f1os, ni\u00f1as y adolescentes en situaci\u00f3n de riesgo y vulnerabilidad, en particular respecto a la atenci\u00f3n m\u00e9dica y servicios psicol\u00f3gicos.<\/li><\/ol>\n","protected":false},"excerpt":{"rendered":"<p>Ciudad de M\u00e9xico.- La presidenta de la Comisi\u00f3n Nacional de los Derechos Humanos (CNDH), Rosario Piedra Ibarra, presenta el \u201cInforme Especial de la CNDH sobre los Protocolos de Protecci\u00f3n a Migrantes (MPP) \u2013 Programa Qu\u00e9date en M\u00e9xico 2019-2021. An\u00e1lisis de su impacto en los derechos humanos de las personas en movilidad en M\u00e9xico\u201d, a fin [&hellip;]<\/p>\n","protected":false},"author":1,"featured_media":18535,"comment_status":"open","ping_status":"open","sticky":false,"template":"","format":"standard","meta":{"_jetpack_memberships_contains_paid_content":false,"footnotes":""},"categories":[12],"tags":[],"class_list":["post-21146","post","type-post","status-publish","format-standard","has-post-thumbnail","hentry","category-nacional"],"jetpack_featured_media_url":"https:\/\/encuentroinformativo.com.mx\/wp-content\/uploads\/2021\/09\/0A0608AC-A84F-4058-A497-F162579D2539.jpeg","jetpack_sharing_enabled":true,"jetpack_likes_enabled":true,"amp_enabled":true,"_links":{"self":[{"href":"https:\/\/encuentroinformativo.com.mx\/index.php?rest_route=\/wp\/v2\/posts\/21146","targetHints":{"allow":["GET"]}}],"collection":[{"href":"https:\/\/encuentroinformativo.com.mx\/index.php?rest_route=\/wp\/v2\/posts"}],"about":[{"href":"https:\/\/encuentroinformativo.com.mx\/index.php?rest_route=\/wp\/v2\/types\/post"}],"author":[{"embeddable":true,"href":"https:\/\/encuentroinformativo.com.mx\/index.php?rest_route=\/wp\/v2\/users\/1"}],"replies":[{"embeddable":true,"href":"https:\/\/encuentroinformativo.com.mx\/index.php?rest_route=%2Fwp%2Fv2%2Fcomments&post=21146"}],"version-history":[{"count":1,"href":"https:\/\/encuentroinformativo.com.mx\/index.php?rest_route=\/wp\/v2\/posts\/21146\/revisions"}],"predecessor-version":[{"id":21147,"href":"https:\/\/encuentroinformativo.com.mx\/index.php?rest_route=\/wp\/v2\/posts\/21146\/revisions\/21147"}],"wp:featuredmedia":[{"embeddable":true,"href":"https:\/\/encuentroinformativo.com.mx\/index.php?rest_route=\/wp\/v2\/media\/18535"}],"wp:attachment":[{"href":"https:\/\/encuentroinformativo.com.mx\/index.php?rest_route=%2Fwp%2Fv2%2Fmedia&parent=21146"}],"wp:term":[{"taxonomy":"category","embeddable":true,"href":"https:\/\/encuentroinformativo.com.mx\/index.php?rest_route=%2Fwp%2Fv2%2Fcategories&post=21146"},{"taxonomy":"post_tag","embeddable":true,"href":"https:\/\/encuentroinformativo.com.mx\/index.php?rest_route=%2Fwp%2Fv2%2Ftags&post=21146"}],"curies":[{"name":"wp","href":"https:\/\/api.w.org\/{rel}","templated":true}]}}